{"id":1068,"date":"2015-11-07T17:51:26","date_gmt":"2015-11-07T17:51:26","guid":{"rendered":"https:\/\/www.rapacesdazur.fr\/2015\/11\/fete-de-l-air-a-frejus-a119214052"},"modified":"2015-11-07T17:51:26","modified_gmt":"2015-11-07T17:51:26","slug":"2015-11-fete-de-l-air-a-frejus-a119214052","status":"publish","type":"post","link":"https:\/\/www.rapacesdazur.fr\/?p=1068","title":{"rendered":"F\u00eate de l&rsquo;AIR \u00e0 Fr\u00e9jus"},"content":{"rendered":"<div class=\"ob-sections\">\n<div\n    class=\"ob-section ob-section-html \"\n      ><\/p>\n<p><span style=\"font-size: 12pt;\">Nous &eacute;tions repr&eacute;sent&eacute; au festival de l&rsquo;air &agrave; Fr&eacute;jus par Marc B, qui avait fait le d&eacute;placement.<\/span><\/p>\n<p style=\"text-align: center;\"><a href=\"https:\/\/www.rapacesdazur.fr\/eki\/EeWQbqPMNDlaF7e66QYZT5iNA7Y.jpg\"><img decoding=\"async\" src=\"https:\/\/www.rapacesdazur.fr\/eki\/EeWQbqPMNDlaF7e66QYZT5iNA7Y@500x375.jpg\" alt=\"F&ecirc;te de l'AIR &agrave; Fr&eacute;jus\"\/><\/a><\/p>\n<p><span style=\"font-size: 12pt;\">De jolies r&eacute;alisations coloraient le ciel&#8230;<\/span><\/p>\n<p style=\"text-align: center;\"><a href=\"https:\/\/www.rapacesdazur.fr\/eki\/JWQlaYsPVGxVwLhLceRHkkw7JX4.jpg\"><img decoding=\"async\" src=\"https:\/\/www.rapacesdazur.fr\/eki\/JWQlaYsPVGxVwLhLceRHkkw7JX4@500x375.jpg\" alt=\"F&ecirc;te de l'AIR &agrave; Fr&eacute;jus\"\/><\/a><\/p>\n<p style=\"text-align: center;\"><a href=\"https:\/\/www.rapacesdazur.fr\/eki\/TC8wiJabRX3l2LU6t6DJ9fFQl5Y.jpg\"><img decoding=\"async\" src=\"https:\/\/www.rapacesdazur.fr\/eki\/TC8wiJabRX3l2LU6t6DJ9fFQl5Y@500x375.jpg\" alt=\"F&ecirc;te de l'AIR &agrave; Fr&eacute;jus\"\/><\/a><\/p>\n<p style=\"text-align: center;\"><a href=\"https:\/\/www.rapacesdazur.fr\/eki\/7U67G3_xp_8hYO7nbX2iKFyl3jY.jpg\"><img decoding=\"async\" src=\"https:\/\/www.rapacesdazur.fr\/eki\/7U67G3_xp_8hYO7nbX2iKFyl3jY@500x375.jpg\" alt=\"F&ecirc;te de l'AIR &agrave; Fr&eacute;jus\"\/><\/a><\/p>\n<p><span style=\"font-size: 12pt;\">Un monde fou d&eacute;ambulait entre les stands&#8230;<\/span><\/p>\n<p style=\"text-align: center;\"><a href=\"https:\/\/www.rapacesdazur.fr\/eki\/bv-yRfMsM7w7HyBxwlOmcgfa7og.jpg\"><img decoding=\"async\" src=\"https:\/\/www.rapacesdazur.fr\/eki\/bv-yRfMsM7w7HyBxwlOmcgfa7og@500x375.jpg\" alt=\"F&ecirc;te de l'AIR &agrave; Fr&eacute;jus\"\/><\/a><\/p>\n<p><span style=\"font-size: 12pt;\">Le simulateur &eacute;tait tenu pas nos amis d&rsquo;Oraison et le treuil delta fonctionnait &agrave; plein r&eacute;gime.<\/span><\/p>\n<p style=\"text-align: center;\"><a href=\"https:\/\/www.rapacesdazur.fr\/eki\/pEqcGp3YWtAYAoweQmKToCZkr9M.jpg\"><img decoding=\"async\" src=\"https:\/\/www.rapacesdazur.fr\/eki\/pEqcGp3YWtAYAoweQmKToCZkr9M@500x260.jpg\" alt=\"F&ecirc;te de l'AIR &agrave; Fr&eacute;jus\"\/><\/a><\/p>\n<p>&nbsp;<\/p>\n<p>&nbsp;<\/p>\n<\/p><\/div>\n<\/p><\/div>\n","protected":false},"excerpt":{"rendered":"<p>Nous &eacute;tions repr&eacute;sent&eacute; au festival de l&rsquo;air &agrave; Fr&eacute;jus par Marc B, qui avait fait le d&eacute;placement. De&hellip;<\/p>\n","protected":false},"author":0,"featured_media":0,"comment_status":"open","ping_status":"open","sticky":false,"template":"","format":"standard","meta":{"footnotes":""},"categories":[31],"tags":[],"class_list":["post-1068","post","type-post","status-publish","format-standard","hentry","category-vieclub"],"_links":{"self":[{"href":"https:\/\/www.rapacesdazur.fr\/index.php?rest_route=\/wp\/v2\/posts\/1068","targetHints":{"allow":["GET"]}}],"collection":[{"href":"https:\/\/www.rapacesdazur.fr\/index.php?rest_route=\/wp\/v2\/posts"}],"about":[{"href":"https:\/\/www.rapacesdazur.fr\/index.php?rest_route=\/wp\/v2\/types\/post"}],"replies":[{"embeddable":true,"href":"https:\/\/www.rapacesdazur.fr\/index.php?rest_route=%2Fwp%2Fv2%2Fcomments&post=1068"}],"version-history":[{"count":0,"href":"https:\/\/www.rapacesdazur.fr\/index.php?rest_route=\/wp\/v2\/posts\/1068\/revisions"}],"wp:attachment":[{"href":"https:\/\/www.rapacesdazur.fr\/index.php?rest_route=%2Fwp%2Fv2%2Fmedia&parent=1068"}],"wp:term":[{"taxonomy":"category","embeddable":true,"href":"https:\/\/www.rapacesdazur.fr\/index.php?rest_route=%2Fwp%2Fv2%2Fcategories&post=1068"},{"taxonomy":"post_tag","embeddable":true,"href":"https:\/\/www.rapacesdazur.fr\/index.php?rest_route=%2Fwp%2Fv2%2Ftags&post=1068"}],"curies":[{"name":"wp","href":"https:\/\/api.w.org\/{rel}","templated":true}]}}