{"id":1202,"date":"2017-01-17T05:05:33","date_gmt":"2017-01-17T05:05:33","guid":{"rendered":"https:\/\/www.rapacesdazur.fr\/2017\/01\/ceremonie-d-adieu-a-claude-a128101832"},"modified":"2017-01-17T05:05:33","modified_gmt":"2017-01-17T05:05:33","slug":"2017-01-ceremonie-d-adieu-a-claude-a128101832","status":"publish","type":"post","link":"https:\/\/www.rapacesdazur.fr\/?p=1202","title":{"rendered":"C\u00e9r\u00e9monie d&rsquo;adieu \u00e0 Claude"},"content":{"rendered":"<div class=\"ob-sections\">\n<div\n    class=\"ob-section ob-section-html \"\n      ><\/p>\n<p style=\"text-align: left;\"><span style=\"font-size: 14pt; color: #000000;\">Ce Mardi 17 Janvier &agrave; 11h, &agrave; St CYR, avait lieu la c&eacute;r&eacute;monie d&rsquo;adieu &agrave; notre ami pilote Claude. Beaucoup de monde, &eacute;tait l&agrave; pour lui rendre&nbsp; hommage.<br \/><\/span><\/p>\n<p style=\"text-align: center;\"><a href=\"https:\/\/www.rapacesdazur.fr\/eki\/rvSXkXBhxLwyoZDK6KIMcBTT14A.jpg\"><img decoding=\"async\" src=\"https:\/\/www.rapacesdazur.fr\/eki\/rvSXkXBhxLwyoZDK6KIMcBTT14A@250x326.jpg\" alt=\"C&eacute;r&eacute;monie d'adieu &agrave; Claude\"\/><\/a><\/p>\n<p style=\"text-align: left;\"><span style=\"font-size: 14pt;\">Apr&egrave;s une courte messe et une intervention tr&egrave;s poignante de son fils Laurent, le cort&egrave;ge s&rsquo;en est all&eacute; vers le cr&eacute;matorium.<\/span><\/p>\n<p style=\"text-align: center;\"><a href=\"https:\/\/www.rapacesdazur.fr\/eki\/Vzy_krMMl3Mt5RIlZ0xKBJuMTNc.jpg\"><img decoding=\"async\" src=\"https:\/\/www.rapacesdazur.fr\/eki\/Vzy_krMMl3Mt5RIlZ0xKBJuMTNc@500x281.jpg\" alt=\"C&eacute;r&eacute;monie d'adieu &agrave; Claude\"\/><\/a><\/p>\n<p style=\"text-align: left;\"><span style=\"font-size: 14pt;\">Le club perd un de ces vieux membres, et un des ses pilotes les plus actifs pour le site. Claude &eacute;tait un peu comme Manon des sources, il entretenait le d&eacute;co en permanence. M&ecirc;me les jours improbables de m&eacute;t&eacute;o pourrie, je le trouvais au d&eacute;co avec un s&eacute;cateur &agrave; la main, ou une pioche pour virer une racine ou un caillou.<\/span><\/p>\n<p style=\"text-align: left;\"><span style=\"font-size: 14pt;\">Il n&rsquo;&eacute;tait pas bien grand mais laisse un grand vide autour de nous.<\/span><\/p>\n<p style=\"text-align: left;\"><span style=\"font-size: 14pt;\">Nous essayerons de penser &agrave; lui &agrave; chaque vol et il sera toujours &agrave; nos c&ocirc;t&eacute;s.<\/span><\/p>\n<p style=\"text-align: left;\"><span style=\"font-size: 14pt;\">Message personnel: Claude, maintenant que tu es l&agrave;-haut, tu sais de quoi on a besoin, vas-y envoie nous de l&rsquo;Ouest !Tchao mon ami, repose toi !<\/span><\/p>\n<p style=\"text-align: left;\"><span style=\"font-size: 14pt;\">Pierre<\/span><\/p>\n<p style=\"text-align: left;\">&nbsp;<span style=\"font-size: 14pt;\">Je crois savoir o&ugrave; il &eacute;tait cet apr&egrave;s-midi&#8230; Ce n&rsquo;est pas \u00ab\u00a0ground control to major Tom\u00a0\u00bb mais \u00ab\u00a0ground control to our Claude\u00a0\u00bb. Je penserai &agrave; toi en voyant le point lumineux de la station internationale ce soir nous passer sur la t&ecirc;te l&agrave; haut&#8230;<\/span><\/p>\n<p style=\"text-align: left;\"><span style=\"font-size: 14pt;\">Guillaume.<\/span><\/p>\n<p style=\"text-align: left;\"><span style=\"font-size: 14pt;\"><iframe loading=\"lazy\" style=\"display: block; margin-left: auto; margin-right: auto;\" src=\"https:\/\/www.youtube.com\/embed\/KaOC9danxNo\" frameborder=\"0\" width=\"832\" height=\"468\" allowfullscreen=\"allowfullscreen\"><\/iframe><\/span><\/p>\n<\/p><\/div>\n<\/p><\/div>\n","protected":false},"excerpt":{"rendered":"<p>Ce Mardi 17 Janvier &agrave; 11h, &agrave; St CYR, avait lieu la c&eacute;r&eacute;monie d&rsquo;adieu &agrave; notre ami pilote&hellip;<\/p>\n","protected":false},"author":0,"featured_media":0,"comment_status":"open","ping_status":"open","sticky":false,"template":"","format":"standard","meta":{"footnotes":""},"categories":[31],"tags":[],"class_list":["post-1202","post","type-post","status-publish","format-standard","hentry","category-vieclub"],"_links":{"self":[{"href":"https:\/\/www.rapacesdazur.fr\/index.php?rest_route=\/wp\/v2\/posts\/1202","targetHints":{"allow":["GET"]}}],"collection":[{"href":"https:\/\/www.rapacesdazur.fr\/index.php?rest_route=\/wp\/v2\/posts"}],"about":[{"href":"https:\/\/www.rapacesdazur.fr\/index.php?rest_route=\/wp\/v2\/types\/post"}],"replies":[{"embeddable":true,"href":"https:\/\/www.rapacesdazur.fr\/index.php?rest_route=%2Fwp%2Fv2%2Fcomments&post=1202"}],"version-history":[{"count":0,"href":"https:\/\/www.rapacesdazur.fr\/index.php?rest_route=\/wp\/v2\/posts\/1202\/revisions"}],"wp:attachment":[{"href":"https:\/\/www.rapacesdazur.fr\/index.php?rest_route=%2Fwp%2Fv2%2Fmedia&parent=1202"}],"wp:term":[{"taxonomy":"category","embeddable":true,"href":"https:\/\/www.rapacesdazur.fr\/index.php?rest_route=%2Fwp%2Fv2%2Fcategories&post=1202"},{"taxonomy":"post_tag","embeddable":true,"href":"https:\/\/www.rapacesdazur.fr\/index.php?rest_route=%2Fwp%2Fv2%2Ftags&post=1202"}],"curies":[{"name":"wp","href":"https:\/\/api.w.org\/{rel}","templated":true}]}}