{"id":1269,"date":"2017-08-19T12:14:20","date_gmt":"2017-08-19T12:14:20","guid":{"rendered":"https:\/\/www.rapacesdazur.fr\/2017\/08\/enfin-3-belles-journees-de-cross-cet-ete-a131103810"},"modified":"2017-08-19T12:14:20","modified_gmt":"2017-08-19T12:14:20","slug":"2017-08-enfin-3-belles-journees-de-cross-cet-ete-a131103810","status":"publish","type":"post","link":"https:\/\/www.rapacesdazur.fr\/?p=1269","title":{"rendered":"Enfin 3 belles journ\u00e9es de cross cet \u00e9t\u00e9 !!!"},"content":{"rendered":"<div class=\"ob-sections\">\n<div\n    class=\"ob-section ob-section-html \"\n      ><\/p>\n<p><span style=\"font-size: 14pt;\">Journ&eacute;e 1 : le 13 aout, je retrouve yves au d&eacute;co de Bleine avec Parapentoufle, Pascal et Alain de Moselle. Le ciel est bien b&acirc;ch&eacute; et on attend en discutant &agrave; l&rsquo;att&eacute;ro. Finalement on monte pour faire un vol sans pr&eacute;tention. Mais finalement ce sera une bonne surprise pour moi !!! <\/span><\/p>\n<p style=\"text-align: center;\"><span style=\"font-size: 14pt;\">Vous pouvez cliquer sur l&rsquo;image pour suivre le profil de vol<\/span><\/p>\n<p style=\"text-align: center;\"><a href=\"http:\/\/www.victorb.fr\/visugps\/visugps.html?track=http:\/\/www.victorb.fr\/visuigc\/19082017_105856_17081301_IGC\"><img decoding=\"async\" src=\"https:\/\/www.rapacesdazur.fr\/eki\/IsiidU7rYY-9O61dod7c9UCc0R0@750x402.jpg\" alt=\"Enfin 3 belles journ&eacute;es de cross cet &eacute;t&eacute; !!! \"\/><\/a><\/p>\n<p style=\"text-align: left;\"><span style=\"font-size: 14pt;\">Finalement un aller-retour &agrave; Dormillouse tout seul avec peu de monde en l&rsquo;air apr&egrave;s St-Andr&eacute;. Et une r&eacute;cup par Yves et Pascal au pied du col de Bleine face nord. <\/span><\/p>\n<p style=\"text-align: left;\">&nbsp;<\/p>\n<p style=\"text-align: left;\"><span style=\"font-size: 14pt;\">Journ&eacute;e 2 : le 14 aout, la journ&eacute;e est annonc&eacute;e fumante et on retrouve beaucoup de monde au d&eacute;co et beaucoup de cadors venus pour marquer des points cfd&#8230;<\/span><\/p>\n<p style=\"text-align: left;\"><span style=\"font-size: 14pt;\">Pour moi ce sera encore un beau vol, en passant par le Denier, le Cousson, Dormillouse et un retour interrompu sur la cr&ecirc;te du Cr&eacute;mon apr&egrave;s avoir pass&eacute; 10 min dans un nuage, avoir pris le givre et cass&eacute; une suspente ! Dommage pour le bouclage mais &ccedil;a reste un d&eacute;tail et n&rsquo;enl&egrave;ve rien au vol.<\/span><\/p>\n<p style=\"text-align: left;\"><span style=\"font-size: 14pt;\">Pascal fera l&rsquo;AR Bleine-Dormillouse et je le rattraperai au retour avant cote longue. Yves ira jusqu&rsquo;&agrave; cote longue mais jettera l&rsquo;&eacute;ponge avant d&rsquo;entamer les montagnes au nord. Parapentoufle ira lui jusqu&rsquo;&agrave; Allos !<\/span><\/p>\n<p style=\"text-align: left;\">&nbsp;<\/p>\n<p style=\"text-align: center;\"><span style=\"font-size: 14pt;\">Vous pouvez cliquer sur l&rsquo;image pour suivre le profil de vol<\/span><\/p>\n<p style=\"text-align: center;\"><a href=\"http:\/\/www.victorb.fr\/visugps\/visugps.html?track=http:\/\/www.victorb.fr\/visuigc\/19082017_111837_17081401_IGC\"><img decoding=\"async\" src=\"https:\/\/www.rapacesdazur.fr\/eki\/NtrRfm91-1sWaPtzIHqnuEXRaIM@750x402.jpg\" alt=\"Enfin 3 belles journ&eacute;es de cross cet &eacute;t&eacute; !!! \"\/><\/a><\/p>\n<p style=\"text-align: center;\">&nbsp;<\/p>\n<p style=\"text-align: left;\"><span style=\"font-size: 14pt;\">Une 3&egrave;me journ&eacute;e s&rsquo;enchaine : le 15 aout, mais je suis fatigu&eacute; et pas tr&egrave;s motiv&eacute;. On reprend les m&ecirc;mes et on recommence mais les conditions difficiles sur Bleine avec de L&rsquo;ouest et des thermiques tr&egrave;s d&eacute;sagr&eacute;ables auront raison de mon mental ! Je fais demi-tour avant le Teillon et retourne poser &agrave; l&rsquo;atterro 1h30 de vol. Yves lui filera poser &agrave; Entrevaux. Parapentoufle et Alain feront 2h de vol dans le bocal de Bleine.<\/span><\/p>\n<p style=\"text-align: left;\">&nbsp;<\/p>\n<p style=\"text-align: left;\"><span style=\"font-size: 14pt;\">Journ&eacute;e 4 : le 17 Aout. De l&rsquo;ouest annonc&eacute; me fait aller sur St-Andr&eacute; cette fois-ci. On d&eacute;colle t&ocirc;t et les conditions ont du mal &agrave; s&rsquo;installer. Le d&eacute;part sera difficile. On rencontre du NO &agrave; 15 km\/h !!! Mais &eacute;tonnamment, les conditions sont convenables ! Je me fais un petit aller-retour &agrave; fond de barreau jusqu&rsquo;&agrave; Dormillouse. <br \/><\/span><\/p>\n<p style=\"text-align: center;\"><span style=\"font-size: 14pt;\">Vous pouvez cliquer sur l&rsquo;image pour suivre le profil de vol<\/span><\/p>\n<p style=\"text-align: center;\"><a href=\"http:\/\/www.victorb.fr\/visugps\/visugps.html?track=http:\/\/www.victorb.fr\/visuigc\/19082017_112949_17081701_IGC\"><img decoding=\"async\" src=\"https:\/\/www.rapacesdazur.fr\/eki\/_65jORzRx1OUaQav0zztw-eRIfk@750x402.jpg\" alt=\"Enfin 3 belles journ&eacute;es de cross cet &eacute;t&eacute; !!! \"\/><\/a><\/p>\n<p style=\"text-align: left;\">&nbsp;<\/p>\n<p style=\"text-align: left;\">&nbsp;<\/p>\n<p style=\"text-align: center;\">&nbsp;<span style=\"font-size: 14pt;\">Quelques images de ces journ&eacute;es de vol p&ecirc;le-m&ecirc;le&#8230;. Je fera un montage vid&eacute;o quand je rentrerai chez moi&#8230;.<br \/><\/span><\/p>\n<p style=\"text-align: left;\">&nbsp;<\/p>\n<p style=\"text-align: center;\"><span style=\"font-size: 14pt;\">Un concombre au d&eacute;co de Bleine avec Yves en train de se pr&eacute;parer<\/span><\/p>\n<p style=\"text-align: center;\"><a href=\"https:\/\/www.rapacesdazur.fr\/eki\/n5BQTj1bxfTXcwgxbypqazrru_U.jpg\"><img decoding=\"async\" src=\"https:\/\/www.rapacesdazur.fr\/eki\/n5BQTj1bxfTXcwgxbypqazrru_U.jpg\" alt=\"Enfin 3 belles journ&eacute;es de cross cet &eacute;t&eacute; !!! \"\/><\/a><\/p>\n<p style=\"text-align: center;\"><span style=\"font-size: 14pt;\">Un concombre d&eacute;masqu&eacute; au d&eacute;co de bleine avec Parapentoufle et Pascal<\/span><\/p>\n<p style=\"text-align: center;\"><a href=\"https:\/\/www.rapacesdazur.fr\/eki\/NcdukdWNFvru6_CgclTTNNu7_ZQ.jpg\"><img decoding=\"async\" src=\"https:\/\/www.rapacesdazur.fr\/eki\/NcdukdWNFvru6_CgclTTNNu7_ZQ@750x419.jpg\" alt=\"Enfin 3 belles journ&eacute;es de cross cet &eacute;t&eacute; !!! \"\/><\/a><\/p>\n<p style=\"text-align: center;\"><span style=\"font-size: 14pt;\">Au dessus de Bleine, direction l&rsquo;E. La plaine de Caille &agrave; gauche et le Lachens<\/span><\/p>\n<p style=\"text-align: center;\"><a href=\"https:\/\/www.rapacesdazur.fr\/eki\/GVCsGfjpOUgQ1bCLHdfaAO-xZgg.jpg\"><img decoding=\"async\" src=\"https:\/\/www.rapacesdazur.fr\/eki\/GVCsGfjpOUgQ1bCLHdfaAO-xZgg@750x421.jpg\" alt=\"Enfin 3 belles journ&eacute;es de cross cet &eacute;t&eacute; !!! \"\/><\/a><\/p>\n<p style=\"text-align: center;\"><span style=\"font-size: 14pt;\">Beau ciel sur l&rsquo;Estrop<\/span><\/p>\n<p style=\"text-align: center;\"><a href=\"https:\/\/www.rapacesdazur.fr\/eki\/gNXtDsN0H-XcWpX71Gk0dGz-nVo.jpg\"><img decoding=\"async\" src=\"https:\/\/www.rapacesdazur.fr\/eki\/gNXtDsN0H-XcWpX71Gk0dGz-nVo@750x417.jpg\" alt=\"Enfin 3 belles journ&eacute;es de cross cet &eacute;t&eacute; !!! \"\/><\/a><\/p>\n<p style=\"text-align: center;\"><a href=\"https:\/\/www.rapacesdazur.fr\/eki\/SUw9DPglhayBS9NN64HDFu1I-9Q.jpg\"><img decoding=\"async\" src=\"https:\/\/www.rapacesdazur.fr\/eki\/SUw9DPglhayBS9NN64HDFu1I-9Q@750x423.jpg\" alt=\"Enfin 3 belles journ&eacute;es de cross cet &eacute;t&eacute; !!! \"\/>. <br \/><\/a><\/p>\n<p style=\"text-align: center;\"><span style=\"font-size: 14pt;\">Apr&egrave;s un plein sur le Cordeil en venant de Bleine, direction Cote Longue droit devant sur la gauche<\/span><\/p>\n<p style=\"text-align: center;\"><a href=\"https:\/\/www.rapacesdazur.fr\/eki\/mdncl2iRhHSv0LV0C4dJxNkpr00.jpg\"><img decoding=\"async\" src=\"https:\/\/www.rapacesdazur.fr\/eki\/mdncl2iRhHSv0LV0C4dJxNkpr00@750x420.jpg\" alt=\"Enfin 3 belles journ&eacute;es de cross cet &eacute;t&eacute; !!! \"\/><\/a><\/p>\n<p style=\"text-align: center;\"><span style=\"font-size: 14pt;\">Le soir apr&egrave;s un plein sur la Bernarde, retour dans la vall&eacute;e de St-Auban pour boucler<\/span><\/p>\n<p style=\"text-align: center;\"><a href=\"https:\/\/www.rapacesdazur.fr\/eki\/ayhyZGxA9rlzzHshlCLRomrmMd4.jpg\"><img decoding=\"async\" src=\"https:\/\/www.rapacesdazur.fr\/eki\/ayhyZGxA9rlzzHshlCLRomrmMd4@750x419.jpg\" alt=\"Enfin 3 belles journ&eacute;es de cross cet &eacute;t&eacute; !!! \"\/><\/a><\/p>\n<p style=\"text-align: center;\"><span style=\"font-size: 14pt;\">St-Auban et sa clue&#8230;<\/span><\/p>\n<p style=\"text-align: center;\"><a href=\"https:\/\/www.rapacesdazur.fr\/eki\/s9T2VHoe0lNS8TamQM9AnZglk08.jpg\"><img decoding=\"async\" src=\"https:\/\/www.rapacesdazur.fr\/eki\/s9T2VHoe0lNS8TamQM9AnZglk08@750x421.jpg\" alt=\"Enfin 3 belles journ&eacute;es de cross cet &eacute;t&eacute; !!! \"\/><\/a><\/p>\n<p style=\"text-align: center;\"><span style=\"font-size: 14pt;\">Un autre jour sur Robion apr&egrave;s Castellane, direction le lac de Ste Croix, et devant le Mourre de Chanier<\/span><\/p>\n<p style=\"text-align: center;\"><a href=\"https:\/\/www.rapacesdazur.fr\/eki\/L999dc4kTO6dF4xqAz8roksRGmY.jpg\"><img decoding=\"async\" src=\"https:\/\/www.rapacesdazur.fr\/eki\/L999dc4kTO6dF4xqAz8roksRGmY@750x416.jpg\" alt=\"Enfin 3 belles journ&eacute;es de cross cet &eacute;t&eacute; !!! \"\/><\/a><\/p>\n<p style=\"text-align: center;\"><span style=\"font-size: 14pt;\">Au dessus du Mourre, en vue du lac de ste croix<\/span><\/p>\n<p style=\"text-align: center;\"><a href=\"https:\/\/www.rapacesdazur.fr\/eki\/n6DmnFeaOo5DshIdw7F7jWldAoM.jpg\"><img decoding=\"async\" src=\"https:\/\/www.rapacesdazur.fr\/eki\/n6DmnFeaOo5DshIdw7F7jWldAoM@750x422.jpg\" alt=\"Enfin 3 belles journ&eacute;es de cross cet &eacute;t&eacute; !!! \"\/><\/a><\/p>\n<p style=\"text-align: center;\"><span style=\"font-size: 14pt;\">Sur le mont Denier, le lac et le plateau de valensole<\/span><\/p>\n<p style=\"text-align: center;\"><a href=\"https:\/\/www.rapacesdazur.fr\/eki\/9UPgrwvTFAhEbLXQnsST-ztfKUM.jpg\"><img decoding=\"async\" src=\"https:\/\/www.rapacesdazur.fr\/eki\/9UPgrwvTFAhEbLXQnsST-ztfKUM@750x420.jpg\" alt=\"Enfin 3 belles journ&eacute;es de cross cet &eacute;t&eacute; !!! \"\/><\/a><\/p>\n<p style=\"text-align: center;\"><span style=\"font-size: 14pt;\">Apr&egrave;s un passage sur le cousson de digne, et un raccrochage tr&egrave;s bas sur coupe, un gros thermique en compagnie d&rsquo;un super pilote et sa mantra6<\/span><\/p>\n<p style=\"text-align: center;\"><a href=\"https:\/\/www.rapacesdazur.fr\/eki\/iahZ3BlrQes_d07yen-ISvH4KzQ.jpg\"><img decoding=\"async\" src=\"https:\/\/www.rapacesdazur.fr\/eki\/iahZ3BlrQes_d07yen-ISvH4KzQ@750x421.jpg\" alt=\"Enfin 3 belles journ&eacute;es de cross cet &eacute;t&eacute; !!! \"\/><\/a><\/p>\n<p style=\"text-align: center;\"><span style=\"font-size: 14pt;\">A nouveau les montagnes des alpes du sud derri&egrave;re l&rsquo;estrop, j&rsquo;adore !<\/span><\/p>\n<p style=\"text-align: center;\"><a href=\"https:\/\/www.rapacesdazur.fr\/eki\/KgZ77NQYGHtIXBVCGeS8c3M_Rsg.jpg\"><img decoding=\"async\" src=\"https:\/\/www.rapacesdazur.fr\/eki\/KgZ77NQYGHtIXBVCGeS8c3M_Rsg@750x416.jpg\" alt=\"Enfin 3 belles journ&eacute;es de cross cet &eacute;t&eacute; !!! \"\/><\/a><\/p>\n<p style=\"text-align: center;\"><span style=\"font-size: 14pt;\">Arriv&eacute;e sur Dormillouse<\/span><\/p>\n<p style=\"text-align: center;\"><a href=\"https:\/\/www.rapacesdazur.fr\/eki\/c7fkRS72rZ3sRkSCuUtLXECvig0.jpg\"><img decoding=\"async\" src=\"https:\/\/www.rapacesdazur.fr\/eki\/c7fkRS72rZ3sRkSCuUtLXECvig0@750x417.jpg\" alt=\"Enfin 3 belles journ&eacute;es de cross cet &eacute;t&eacute; !!! \"\/><\/a><\/p>\n<p style=\"text-align: center;\"><span style=\"font-size: 14pt;\">Le nuage qui va bient&ocirc;t me manger et dans lequel je vais passer 10&prime; et prendre 4113m, les flocons et casser une suspente&#8230;<\/span><\/p>\n<p style=\"text-align: center;\"><a href=\"https:\/\/www.rapacesdazur.fr\/eki\/oKqN-pC-J45YUptu2uyVvv58sX4.jpg\"><img decoding=\"async\" src=\"https:\/\/www.rapacesdazur.fr\/eki\/oKqN-pC-J45YUptu2uyVvv58sX4@750x418.jpg\" alt=\"Enfin 3 belles journ&eacute;es de cross cet &eacute;t&eacute; !!! \"\/><\/a><\/p>\n<p style=\"text-align: center;\"><span style=\"font-size: 14pt;\">Retour vers st-julien et teillon apr&egrave;s passage dans le nuage&#8230;<\/span><\/p>\n<p style=\"text-align: center;\"><a href=\"https:\/\/www.rapacesdazur.fr\/eki\/ANFIGMxVfJdX4FKIgIe1s-WV23E.jpg\"><img decoding=\"async\" src=\"https:\/\/www.rapacesdazur.fr\/eki\/ANFIGMxVfJdX4FKIgIe1s-WV23E@750x419.jpg\" alt=\"Enfin 3 belles journ&eacute;es de cross cet &eacute;t&eacute; !!! \"\/><\/a><\/p>\n<p style=\"text-align: center;\"><span style=\"font-size: 14pt;\">Bleine le jour d&rsquo;affluence&#8230;. <\/span><\/p>\n<p style=\"text-align: center;\"><a href=\"https:\/\/www.rapacesdazur.fr\/eki\/bii3IBEN6rIddEw5in9heOHTYb4.jpg\"><img decoding=\"async\" src=\"https:\/\/www.rapacesdazur.fr\/eki\/bii3IBEN6rIddEw5in9heOHTYb4@750x420.jpg\" alt=\"Enfin 3 belles journ&eacute;es de cross cet &eacute;t&eacute; !!! \"\/><\/a><\/p>\n<p style=\"text-align: left;\">&nbsp;<\/p>\n<p style=\"text-align: left;\">&nbsp;<\/p>\n<p style=\"text-align: center;\">&nbsp;<\/p>\n<\/p><\/div>\n<\/p><\/div>\n","protected":false},"excerpt":{"rendered":"<p>Journ&eacute;e 1 : le 13 aout, je retrouve yves au d&eacute;co de Bleine avec Parapentoufle, Pascal et Alain&hellip;<\/p>\n","protected":false},"author":0,"featured_media":0,"comment_status":"open","ping_status":"open","sticky":false,"template":"","format":"standard","meta":{"footnotes":""},"categories":[31],"tags":[],"class_list":["post-1269","post","type-post","status-publish","format-standard","hentry","category-vieclub"],"_links":{"self":[{"href":"https:\/\/www.rapacesdazur.fr\/index.php?rest_route=\/wp\/v2\/posts\/1269","targetHints":{"allow":["GET"]}}],"collection":[{"href":"https:\/\/www.rapacesdazur.fr\/index.php?rest_route=\/wp\/v2\/posts"}],"about":[{"href":"https:\/\/www.rapacesdazur.fr\/index.php?rest_route=\/wp\/v2\/types\/post"}],"replies":[{"embeddable":true,"href":"https:\/\/www.rapacesdazur.fr\/index.php?rest_route=%2Fwp%2Fv2%2Fcomments&post=1269"}],"version-history":[{"count":0,"href":"https:\/\/www.rapacesdazur.fr\/index.php?rest_route=\/wp\/v2\/posts\/1269\/revisions"}],"wp:attachment":[{"href":"https:\/\/www.rapacesdazur.fr\/index.php?rest_route=%2Fwp%2Fv2%2Fmedia&parent=1269"}],"wp:term":[{"taxonomy":"category","embeddable":true,"href":"https:\/\/www.rapacesdazur.fr\/index.php?rest_route=%2Fwp%2Fv2%2Fcategories&post=1269"},{"taxonomy":"post_tag","embeddable":true,"href":"https:\/\/www.rapacesdazur.fr\/index.php?rest_route=%2Fwp%2Fv2%2Ftags&post=1269"}],"curies":[{"name":"wp","href":"https:\/\/api.w.org\/{rel}","templated":true}]}}