{"id":1580,"date":"2019-12-21T10:51:24","date_gmt":"2019-12-21T10:51:24","guid":{"rendered":"https:\/\/www.rapacesdazur.fr\/2019\/12\/l-assemblee-generale-du-club-a179098458"},"modified":"2019-12-21T10:51:24","modified_gmt":"2019-12-21T10:51:24","slug":"2019-12-l-assemblee-generale-du-club-a179098458","status":"publish","type":"post","link":"https:\/\/www.rapacesdazur.fr\/?p=1580","title":{"rendered":"L&rsquo;assembl\u00e9e g\u00e9n\u00e9rale du club"},"content":{"rendered":"<div class=\"ob-sections\">\n<div\n    class=\"ob-section ob-section-html \"\n      ><\/p>\n<p><span style=\"font-size: 14pt;\">Pour ceux qui n&rsquo;ont pas pu venir&#8230;<img decoding=\"async\" src=\"\/images\/emoticons\/frown.gif\" alt=\"frown\"\/>&#8230;c&rsquo;est dommage car on a un nouveau pr&eacute;sident !<\/span><\/p>\n<p style=\"text-align: center;\"><a href=\"https:\/\/www.rapacesdazur.fr\/eki\/9ajcI5Avg5JADJf_yMLC0ni4_zE.jpg\"><img decoding=\"async\" src=\"https:\/\/www.rapacesdazur.fr\/eki\/9ajcI5Avg5JADJf_yMLC0ni4_zE@750x422.jpg\" alt=\"L'assembl&eacute;e g&eacute;n&eacute;rale du club\"\/><\/a><\/p>\n<p style=\"text-align: center;\">Une bonne participation de chacun, de gros probl&egrave;mes soulev&eacute; et r&eacute;solus.<\/p>\n<p style=\"text-align: center;\"><a href=\"https:\/\/www.rapacesdazur.fr\/eki\/YiyZ0CaB2vIu8X9VMIIlyl2rBvk.jpg\"><img decoding=\"async\" src=\"https:\/\/www.rapacesdazur.fr\/eki\/YiyZ0CaB2vIu8X9VMIIlyl2rBvk@750x422.jpg\" alt=\"L'assembl&eacute;e g&eacute;n&eacute;rale du club\"\/><\/a><\/p>\n<p><span style=\"font-size: 14pt;\">&#8230;y-en a m&ecirc;me un qui baille !<\/span><\/p>\n<p style=\"text-align: center;\"><a href=\"https:\/\/www.rapacesdazur.fr\/eki\/ZyH2d5bc5tL_RTqdS34YlJ4ueNc.jpg\"><img decoding=\"async\" src=\"https:\/\/www.rapacesdazur.fr\/eki\/ZyH2d5bc5tL_RTqdS34YlJ4ueNc@750x1333.jpg\" alt=\"L'assembl&eacute;e g&eacute;n&eacute;rale du club\"\/><\/a><\/p>\n<p><span style=\"font-size: 14pt;\">Pr&eacute;sentation du nouveau logo de la ligue,explications sur l&rsquo;accidentologie de l&rsquo;ann&eacute;e 2019, et suivi des r&eacute;f&eacute;rents s&eacute;curit&eacute; par la ligue, un bon expos&eacute; de Fran&ccedil;ois qui avait fait le d&eacute;placement.<\/span><\/p>\n<p style=\"text-align: center;\"><a href=\"https:\/\/www.rapacesdazur.fr\/eki\/G3hNGveWurbGggaTC6Lr08O5u9g.jpg\"><img decoding=\"async\" src=\"https:\/\/www.rapacesdazur.fr\/eki\/G3hNGveWurbGggaTC6Lr08O5u9g@750x422.jpg\" alt=\"L'assembl&eacute;e g&eacute;n&eacute;rale du club\"\/><\/a><\/p>\n<p><span style=\"font-size: 14pt;\">Enfin retour sur le superbe article de Var Matin sur le site de la Cadi&egrave;re.<\/span><\/p>\n<p style=\"text-align: center;\"><a href=\"https:\/\/www.rapacesdazur.fr\/eki\/2IuDD9Kl9snAyyLl1Yasn2KIsSg.jpg\"><img decoding=\"async\" src=\"https:\/\/www.rapacesdazur.fr\/eki\/2IuDD9Kl9snAyyLl1Yasn2KIsSg@750x422.jpg\" alt=\"L'assembl&eacute;e g&eacute;n&eacute;rale du club\"\/><\/a><\/p>\n<p><span style=\"font-size: 14pt;\">Honneur au pr&eacute;sident Sidney qui devient ex- et bienvenue &agrave; Laurent allias \u00ab\u00a0le b&ucirc;cheron\u00a0\u00bb qui devient le nouveau pr&eacute;sident&#8230;.<\/span><\/p>\n<p style=\"text-align: center;\"><a href=\"https:\/\/www.rapacesdazur.fr\/eki\/c0I3187OE7bU3fGUNZ2VoAv6Dlw.jpg\"><img decoding=\"async\" src=\"https:\/\/www.rapacesdazur.fr\/eki\/c0I3187OE7bU3fGUNZ2VoAv6Dlw@750x622.jpg\" alt=\"L'assembl&eacute;e g&eacute;n&eacute;rale du club\"\/><\/a><\/p>\n<p style=\"text-align: center;\"><img decoding=\"async\" src=\"\/images\/emoticons\/intello.gif\" alt=\"intello\"\/>&#8230;&agrave; l&rsquo;an prochain&#8230;<\/p>\n<p>&nbsp;<\/p>\n<\/p><\/div>\n<\/p><\/div>\n","protected":false},"excerpt":{"rendered":"<p>Pour ceux qui n&rsquo;ont pas pu venir&#8230;&#8230;c&rsquo;est dommage car on a un nouveau pr&eacute;sident ! Une bonne participation&hellip;<\/p>\n","protected":false},"author":0,"featured_media":0,"comment_status":"open","ping_status":"open","sticky":false,"template":"","format":"standard","meta":{"footnotes":""},"categories":[31],"tags":[],"class_list":["post-1580","post","type-post","status-publish","format-standard","hentry","category-vieclub"],"_links":{"self":[{"href":"https:\/\/www.rapacesdazur.fr\/index.php?rest_route=\/wp\/v2\/posts\/1580","targetHints":{"allow":["GET"]}}],"collection":[{"href":"https:\/\/www.rapacesdazur.fr\/index.php?rest_route=\/wp\/v2\/posts"}],"about":[{"href":"https:\/\/www.rapacesdazur.fr\/index.php?rest_route=\/wp\/v2\/types\/post"}],"replies":[{"embeddable":true,"href":"https:\/\/www.rapacesdazur.fr\/index.php?rest_route=%2Fwp%2Fv2%2Fcomments&post=1580"}],"version-history":[{"count":0,"href":"https:\/\/www.rapacesdazur.fr\/index.php?rest_route=\/wp\/v2\/posts\/1580\/revisions"}],"wp:attachment":[{"href":"https:\/\/www.rapacesdazur.fr\/index.php?rest_route=%2Fwp%2Fv2%2Fmedia&parent=1580"}],"wp:term":[{"taxonomy":"category","embeddable":true,"href":"https:\/\/www.rapacesdazur.fr\/index.php?rest_route=%2Fwp%2Fv2%2Fcategories&post=1580"},{"taxonomy":"post_tag","embeddable":true,"href":"https:\/\/www.rapacesdazur.fr\/index.php?rest_route=%2Fwp%2Fv2%2Ftags&post=1580"}],"curies":[{"name":"wp","href":"https:\/\/api.w.org\/{rel}","templated":true}]}}