{"id":1808,"date":"2021-10-04T15:35:41","date_gmt":"2021-10-04T15:35:41","guid":{"rendered":"https:\/\/www.rapacesdazur.fr\/2021\/10\/reunion-espaces-aeriens-a-st-andre-samedi-9-octobre-a210360720"},"modified":"2021-10-04T15:35:41","modified_gmt":"2021-10-04T15:35:41","slug":"2021-10-reunion-espaces-aeriens-a-st-andre-samedi-9-octobre-a210360720","status":"publish","type":"post","link":"https:\/\/www.rapacesdazur.fr\/?p=1808","title":{"rendered":"R\u00e9union espaces a\u00e9riens \u00e0 St-Andr\u00e9 : samedi 9 octobre"},"content":{"rendered":"<div class=\"ob-sections\">\n<div\n    class=\"ob-section ob-section-html \"\n      ><\/p>\n<p style=\"-webkit-font-smoothing: antialiased; color: #201f1e; font-family: 'Segoe UI', 'Segoe UI Web (West European)', 'Segoe UI', -apple-system, BlinkMacSystemFont, Roboto, 'Helvetica Neue', sans-serif; font-size: 15px; font-style: normal; font-variant-ligatures: normal; font-variant-caps: normal; font-weight: 400; letter-spacing: normal; orphans: 2; text-align: start; text-indent: 0px; text-transform: none; white-space: normal; widows: 2; word-spacing: 0px; -webkit-text-stroke-width: 0px; background-color: #ffffff; text-decoration-thickness: initial; text-decoration-style: initial; text-decoration-color: initial;\" dir=\"ltr\">Bonjour &agrave; Tous les Pilotes de PACA<\/p>\n<p style=\"-webkit-font-smoothing: antialiased; color: #201f1e; font-family: 'Segoe UI', 'Segoe UI Web (West European)', 'Segoe UI', -apple-system, BlinkMacSystemFont, Roboto, 'Helvetica Neue', sans-serif; font-size: 15px; font-style: normal; font-variant-ligatures: normal; font-variant-caps: normal; font-weight: 400; letter-spacing: normal; orphans: 2; text-align: start; text-indent: 0px; text-transform: none; white-space: normal; widows: 2; word-spacing: 0px; -webkit-text-stroke-width: 0px; background-color: #ffffff; text-decoration-thickness: initial; text-decoration-style: initial; text-decoration-color: initial;\" dir=\"ltr\">J organise pour la Ligue PACA une petite matin&eacute;e espaces a&eacute;riens \u00a0\u00bb&nbsp;<a style=\"-webkit-font-smoothing: antialiased; margin: 0px; padding: 0px; border: 0px; font: inherit; vertical-align: baseline;\" rel=\"noopener noreferrer\" href=\"http:\/\/xn--prive-esa.com\/\" target=\"_blank\" data-auth=\"NotApplicable\" data-linkindex=\"0\">priv&eacute;e.com<\/a>&nbsp;\u00ab\u00a0<\/p>\n<p style=\"-webkit-font-smoothing: antialiased; color: #201f1e; font-family: 'Segoe UI', 'Segoe UI Web (West European)', 'Segoe UI', -apple-system, BlinkMacSystemFont, Roboto, 'Helvetica Neue', sans-serif; font-size: 15px; font-style: normal; font-variant-ligatures: normal; font-variant-caps: normal; font-weight: 400; letter-spacing: normal; orphans: 2; text-align: start; text-indent: 0px; text-transform: none; white-space: normal; widows: 2; word-spacing: 0px; -webkit-text-stroke-width: 0px; background-color: #ffffff; text-decoration-thickness: initial; text-decoration-style: initial; text-decoration-color: initial;\" dir=\"ltr\">Pour que ce soit central pour le plus grand nombre, celle ci aura lieu &agrave; St Andr&eacute; les Alpes le samedi 9 octobre &#8230; cela permettra aussi d aller voler ensuite si les conditions sont bonnes<\/p>\n<p style=\"-webkit-font-smoothing: antialiased; color: #201f1e; font-family: 'Segoe UI', 'Segoe UI Web (West European)', 'Segoe UI', -apple-system, BlinkMacSystemFont, Roboto, 'Helvetica Neue', sans-serif; font-size: 15px; font-style: normal; font-variant-ligatures: normal; font-variant-caps: normal; font-weight: 400; letter-spacing: normal; orphans: 2; text-align: start; text-indent: 0px; text-transform: none; white-space: normal; widows: 2; word-spacing: 0px; -webkit-text-stroke-width: 0px; background-color: #ffffff; text-decoration-thickness: initial; text-decoration-style: initial; text-decoration-color: initial;\" dir=\"ltr\">A<span style=\"font-size: 14pt;\">ccueil &agrave; partir de 9h et conf&eacute;rence de 10h &agrave;12h<\/span><\/p>\n<p style=\"-webkit-font-smoothing: antialiased; color: #201f1e; font-family: 'Segoe UI', 'Segoe UI Web (West European)', 'Segoe UI', -apple-system, BlinkMacSystemFont, Roboto, 'Helvetica Neue', sans-serif; font-size: 15px; font-style: normal; font-variant-ligatures: normal; font-variant-caps: normal; font-weight: 400; letter-spacing: normal; orphans: 2; text-align: start; text-indent: 0px; text-transform: none; white-space: normal; widows: 2; word-spacing: 0px; -webkit-text-stroke-width: 0px; background-color: #ffffff; text-decoration-thickness: initial; text-decoration-style: initial; text-decoration-color: initial;\" dir=\"ltr\"><span style=\"font-size: 14pt;\">Si vous souhaitez venir, faites moi une r&eacute;ponse avant le 30 septembre &agrave; l adresse :&nbsp;&nbsp;&nbsp;<a style=\"-webkit-font-smoothing: antialiased; margin: 0px; padding: 0px; border: 0px; font: inherit; vertical-align: baseline;\" rel=\"noopener noreferrer\" href=\"mailto:fr2fr@orange.fr\" target=\"_blank\" data-auth=\"NotApplicable\" data-linkindex=\"1\">fr2fr@orange.fr<\/a><\/span><\/p>\n<p style=\"-webkit-font-smoothing: antialiased; color: #201f1e; font-family: 'Segoe UI', 'Segoe UI Web (West European)', 'Segoe UI', -apple-system, BlinkMacSystemFont, Roboto, 'Helvetica Neue', sans-serif; font-size: 15px; font-style: normal; font-variant-ligatures: normal; font-variant-caps: normal; font-weight: 400; letter-spacing: normal; orphans: 2; text-align: start; text-indent: 0px; text-transform: none; white-space: normal; widows: 2; word-spacing: 0px; -webkit-text-stroke-width: 0px; background-color: #ffffff; text-decoration-thickness: initial; text-decoration-style: initial; text-decoration-color: initial;\" dir=\"ltr\"><span style=\"font-size: 14pt;\">Essayez de t&eacute;l&eacute;charger l application SDVFR sur votre smartphone &#8230; et la carte SDOACI en allant sur param&egrave;tres (roue dent&eacute;e) puis t&eacute;l&eacute;chargement ( en bas de page ) &#8230; Cela nous permettra de faire qq exercices pratiques<\/span><\/p>\n<p style=\"-webkit-font-smoothing: antialiased; color: #201f1e; font-family: 'Segoe UI', 'Segoe UI Web (West European)', 'Segoe UI', -apple-system, BlinkMacSystemFont, Roboto, 'Helvetica Neue', sans-serif; font-size: 15px; font-style: normal; font-variant-ligatures: normal; font-variant-caps: normal; font-weight: 400; letter-spacing: normal; orphans: 2; text-align: start; text-indent: 0px; text-transform: none; white-space: normal; widows: 2; word-spacing: 0px; -webkit-text-stroke-width: 0px; background-color: #ffffff; text-decoration-thickness: initial; text-decoration-style: initial; text-decoration-color: initial;\" dir=\"ltr\"><span style=\"font-size: 14pt;\">Bien amicalement<\/span><br style=\"-webkit-font-smoothing: antialiased;\"\/><span style=\"font-size: 14pt;\">Fran&ccedil;ois RICHARD<\/span><br style=\"-webkit-font-smoothing: antialiased;\"\/><span style=\"font-size: 14pt;\">Espaces A&eacute;riens FFVL PACA<\/span><\/p>\n<p><br class=\"Apple-interchange-newline\"\/><\/p>\n<\/p><\/div>\n<\/p><\/div>\n","protected":false},"excerpt":{"rendered":"<p>Bonjour &agrave; Tous les Pilotes de PACA J organise pour la Ligue PACA une petite matin&eacute;e espaces a&eacute;riens&hellip;<\/p>\n","protected":false},"author":0,"featured_media":0,"comment_status":"open","ping_status":"open","sticky":false,"template":"","format":"standard","meta":{"footnotes":""},"categories":[31],"tags":[],"class_list":["post-1808","post","type-post","status-publish","format-standard","hentry","category-vieclub"],"_links":{"self":[{"href":"https:\/\/www.rapacesdazur.fr\/index.php?rest_route=\/wp\/v2\/posts\/1808","targetHints":{"allow":["GET"]}}],"collection":[{"href":"https:\/\/www.rapacesdazur.fr\/index.php?rest_route=\/wp\/v2\/posts"}],"about":[{"href":"https:\/\/www.rapacesdazur.fr\/index.php?rest_route=\/wp\/v2\/types\/post"}],"replies":[{"embeddable":true,"href":"https:\/\/www.rapacesdazur.fr\/index.php?rest_route=%2Fwp%2Fv2%2Fcomments&post=1808"}],"version-history":[{"count":0,"href":"https:\/\/www.rapacesdazur.fr\/index.php?rest_route=\/wp\/v2\/posts\/1808\/revisions"}],"wp:attachment":[{"href":"https:\/\/www.rapacesdazur.fr\/index.php?rest_route=%2Fwp%2Fv2%2Fmedia&parent=1808"}],"wp:term":[{"taxonomy":"category","embeddable":true,"href":"https:\/\/www.rapacesdazur.fr\/index.php?rest_route=%2Fwp%2Fv2%2Fcategories&post=1808"},{"taxonomy":"post_tag","embeddable":true,"href":"https:\/\/www.rapacesdazur.fr\/index.php?rest_route=%2Fwp%2Fv2%2Ftags&post=1808"}],"curies":[{"name":"wp","href":"https:\/\/api.w.org\/{rel}","templated":true}]}}