{"id":1921,"date":"2023-07-23T13:53:32","date_gmt":"2023-07-23T13:53:32","guid":{"rendered":"https:\/\/www.rapacesdazur.fr\/2023\/07\/la-paskule-a214551233"},"modified":"2025-01-11T20:30:24","modified_gmt":"2025-01-11T19:30:24","slug":"2023-07-la-paskule-a214551233","status":"publish","type":"post","link":"https:\/\/www.rapacesdazur.fr\/?p=1921","title":{"rendered":"La Paskule"},"content":{"rendered":"<div class=\"ob-sections\">\n<div class=\"ob-section ob-section-html \">\n<p>Retour sur un vol en triangle au d\u00e9part de Saint Andr\u00e9 Les Alpes partag\u00e9 avec le Rapace Pakal moniteur de Signes.<\/p>\n<p>Les pr\u00e9visions semblent bonnes pour Saint Andr\u00e9 ce weekend du 8 juillet. \u00c7a tombe bien, Pascal est chaud et surtout dispo pour voler ce week-end.<br \/>\nOn se retrouve Vendredi soir l\u00e0-bas. Vince, Steph, Julo et Fran\u00e7ois sont l\u00e0 aussi!<\/p>\n<p>Le lendemain, On est \u00e0 10h30 au d\u00e9co sud. Les pr\u00e9visions donnent du sud-sud-est jusqu&rsquo;\u00e0 13h-14h, de quoi tenter le triangle Dignes-Dormillouse-retour Saint-Andr\u00e9. Ce serait une premi\u00e8re pour nous deux. Les autres partent sur un aller-retour Dormillouse direct.<\/p>\n<p>Je me pr\u00e9pare tranquille, je me mets dans la sellette et j&rsquo;allume mon vario mais rien y fait, il ne veut pas s&rsquo;allumer. Je commence \u00e0 m&rsquo;\u00e9nerver, je n&rsquo;ai plus de vario! Heureusement, Vince vient \u00e0 ma rescousse en me pr\u00eatant son bip-bip, un grand merci \u00e0 lui. Associ\u00e9 \u00e0 flyme sur le t\u00e9l\u00e9phone, \u00e7a fera l&rsquo;affaire.<\/p>\n<p>Pakal est d\u00e9j\u00e0 au plaf quand je d\u00e9colle mais j&rsquo;arrive \u00e0 le rejoindre assez rapidement et on transite \u00e0 2300m vers Mouchon. On refait un petit plaf pour rejoindre l&rsquo;extr\u00e9mit\u00e9 sud-ouest de la barre de Coupe. L\u00e0, c&rsquo;est un peu plus compliqu\u00e9, Pakal est un peu bas mais il se refait bien et on parvient \u00e0 rejoindre la face sud du Cousson qui marche plut\u00f4t bien mais on zone un peu avant de r\u00e9ussir \u00e0 vraiment monter.<\/p>\n<p style=\"text-align: center;\"><a href=\"https:\/\/www.rapacesdazur.fr\/eki\/EinCqT3pDl1x-EdXfr_q2j1Y7IU.jpg\"><img decoding=\"async\" src=\"https:\/\/www.rapacesdazur.fr\/eki\/EinCqT3pDl1x-EdXfr_q2j1Y7IU@800x600.jpg\" alt=\"La Paskule\" \/><\/a><\/p>\n<p style=\"text-align: center;\">Le cousson<\/p>\n<p>On aimerait bien monter au dessus de 2000m mais impossible de d\u00e9passer 1900m, tant pis on entame la transition vers la Bigues, le relief au nord-ouest de Dignes.<\/p>\n<p style=\"text-align: center;\"><a href=\"https:\/\/www.rapacesdazur.fr\/eki\/Xo-80TPQtutVAW0uXCOeVWi4lp8.jpg\"><img decoding=\"async\" src=\"https:\/\/www.rapacesdazur.fr\/eki\/Xo-80TPQtutVAW0uXCOeVWi4lp8@800x450.jpg\" alt=\"La Paskule\" \/><\/a><\/p>\n<p style=\"text-align: center;\">transition vers la Bigues<\/p>\n<p>L\u00e0, je suis pas confiant du tout, on va arriver bas et c&rsquo;est connu pour \u00eatre un des points difficiles du parcours. Je repense \u00e0 Nico qui m&rsquo;avait racont\u00e9 avoir pass\u00e9 45 min \u00e0 se battre comme un diable l\u00e0-bas avant de ressortir. Pakal trouve un petit thermique en route qui lui permet de raccrocher assez haut au dessus de Courbon, moi j&rsquo;arrive bas et essaye de me refaire sur la petite falaise au dessus mais \u00e7a ne marche pas du tout! Je pense que je vais aller poser mais \u00e7a monte devant finalement, c&rsquo;est tr\u00e8s petit mais \u00e7a permet de se maintenir. Apr\u00e8s avoir zon\u00e9 pendant 20 min, on arrive enfin \u00e0 chopper un bon thermique qui nous monte \u00e0 2300m. Ouf! On est sorti d&rsquo;affaire et on peut envisager la suite du vol.<\/p>\n<p style=\"text-align: center;\"><a href=\"https:\/\/www.rapacesdazur.fr\/eki\/L25NHzwWAbksaJO8E5lYbo8JzN0.jpg\"><img decoding=\"async\" src=\"https:\/\/www.rapacesdazur.fr\/eki\/L25NHzwWAbksaJO8E5lYbo8JzN0@800x600.jpg\" alt=\"La Paskule\" \/><\/a><\/p>\n<p style=\"text-align: center;\">la cr\u00eate vers le Blayeul<\/p>\n<p style=\"text-align: center;\"><a href=\"https:\/\/www.rapacesdazur.fr\/eki\/aeIVZwC1XWy5W65gyaKuvixx9YI.jpg\"><img decoding=\"async\" src=\"https:\/\/www.rapacesdazur.fr\/eki\/aeIVZwC1XWy5W65gyaKuvixx9YI@800x600.jpg\" alt=\"La Paskule\" \/><\/a><\/p>\n<p style=\"text-align: center;\">Le Blayeul<\/p>\n<p>On attaque la cr\u00eate qui va vers le Blayeul assez haut du coup on choppe tous les thermiques qui partent des deux c\u00f4t\u00e9s, \u00e7a nous permet de voler haut et du coup c&rsquo;est plus facile. Je fais 3000m au Blayeul ce qui me permet d&rsquo;engager la longue transition vers la Blanche. Je prends un relais sur le relief au dessus du Vernet et je rejoins la cr\u00eate de la Blanche avec de la marge. Nos chemins se s\u00e9parent un moment avec Pascal qui va prendre une route beaucoup plus directe vers Dormillouse.<br \/>\nSur la blanche comme d&rsquo;habitude, c&rsquo;est surfumant mais l&rsquo;a\u00e9rologie est saine et c&rsquo;est plut\u00f4t agr\u00e9able. Je fais le cum \u00e0 presque 3400m et la vue est splendide!<\/p>\n<p style=\"text-align: center;\"><a href=\"https:\/\/www.rapacesdazur.fr\/eki\/ARo2lTzu2JB0oDSySSxF4e4Iw3g.jpg\"><img decoding=\"async\" src=\"https:\/\/www.rapacesdazur.fr\/eki\/ARo2lTzu2JB0oDSySSxF4e4Iw3g@800x600.jpg\" alt=\"La Paskule\" \/><\/a><\/p>\n<p style=\"text-align: center;\">La cr\u00eate de la Blanche<\/p>\n<p style=\"text-align: center;\"><a href=\"https:\/\/www.rapacesdazur.fr\/eki\/IGYe2Xxchgux95ceDRS9vBhs188.jpg\"><img decoding=\"async\" src=\"https:\/\/www.rapacesdazur.fr\/eki\/IGYe2Xxchgux95ceDRS9vBhs188@800x450.jpg\" alt=\"La Paskule\" \/><\/a><\/p>\n<p style=\"text-align: center;\">Pascal trace tout droit vers Dormillouse le Bougre!<\/p>\n<p style=\"text-align: center;\"><a href=\"https:\/\/www.rapacesdazur.fr\/eki\/JVKf3Q3LtGaSWD5bCisStaLw78k.jpg\"><img decoding=\"async\" src=\"https:\/\/www.rapacesdazur.fr\/eki\/JVKf3Q3LtGaSWD5bCisStaLw78k@800x600.jpg\" alt=\"La Paskule\" \/><\/a><\/p>\n<p style=\"text-align: center;\">Lac en vue!<\/p>\n<p>On se retrouve devant le fort de Dormillouse, trop cool! On discute en radio et on attaque le retour vers Saint-Andr\u00e9 qui est souvent plus d\u00e9licat.<br \/>\nOn reste sur la Blanche au d\u00e9but, puis on prend deux options diff\u00e9rentes: je d\u00e9cide de passer par devant voyant une belle ligne de cum et Pascal d\u00e9cide lui de rester sur la cr\u00eate de la Blanche. Du coup on fera le reste du vol s\u00e9par\u00e9ment mais c&rsquo;est d\u00e9j\u00e0 trop cool d&rsquo;avoir r\u00e9ussi \u00e0 rester ensemble jusque l\u00e0.<\/p>\n<p>Bon \u00e7a monte pas et je me fais descendre avant de me refaire sur un relief au soleil avec un autre gars en BGD, on refait presque 2900m et \u00e7a nous permet de continuer. Et l\u00e0, \u00e7a devient laborieux, je me retrouve bas et je tape dans la brise de sud-ouest. J&rsquo;avance plus trop mais l&rsquo;alpina marche bien au premier barreau et ,en for\u00e7ant un peu, \u00e7a me permet de raccrocher de cr\u00eates en cr\u00eates jusqu&rsquo;au Carton.<br \/>\nJ&rsquo;arrive \u00e0 refaire 2400m et je me dis que ce sera suffisant pour passer par le Cheval Blanc me permettant d&rsquo;\u00eatre id\u00e9alement plac\u00e9 pour la suite.<\/p>\n<p>Malheureusement, je me rend compte rapidement pendant la transition que \u00e7a ne va certainement pas passer, contr\u00e9 comme je suis par le sud-ouest bien pr\u00e9sent. Du coup, je d\u00e9cide de partir vers le col de Talon pour essayer de passer par C\u00f4te Longue. Je parviens \u00e0 me refaire sur les faces nord-ouest dessous le col et dans un petit thermique agr\u00e9able je passe le verrou et me laisse glisser de l&rsquo;autre c\u00f4t\u00e9. J&rsquo;y suis presque!<br \/>\nArriv\u00e9 au bout de la Cr\u00eate au dessus de Thorame comme souvent un gros thermique m&rsquo;y attend et je me fais satellis\u00e9 au cum \u00e0 presque 3500m. Trop bon! J&rsquo;ai\u00a0suffisamment de gaz pour\u00a0tirer tout droit jusqu&rsquo;\u00e0 Saint-Andr\u00e9. C&rsquo;est gagn\u00e9! Trop content, je vais boucler mais que le retour fut laborieux.<\/p>\n<p style=\"text-align: center;\"><a href=\"https:\/\/www.rapacesdazur.fr\/eki\/My_VrMqshE-7kC4qUf-qsdQS62U.jpg\"><img decoding=\"async\" src=\"https:\/\/www.rapacesdazur.fr\/eki\/My_VrMqshE-7kC4qUf-qsdQS62U@800x600.jpg\" alt=\"La Paskule\" \/><\/a><\/p>\n<p style=\"text-align: center;\">3500m \u00e0 C\u00f4te Longue, \u00e7a devrait aller pour boucler..<\/p>\n<p style=\"text-align: center;\"><a href=\"https:\/\/www.rapacesdazur.fr\/eki\/Fw1KQ4aN3wZnRdyFEJqmZCLxCPk.jpg\"><img decoding=\"async\" src=\"https:\/\/www.rapacesdazur.fr\/eki\/Fw1KQ4aN3wZnRdyFEJqmZCLxCPk@800x600.jpg\" alt=\"La Paskule\" \/><\/a><\/p>\n<p style=\"text-align: center;\">\u00c7a boucle! Yes!<\/p>\n<p>C&rsquo;est le moment que choisi mon t\u00e9l\u00e9phone pour me l\u00e2cher. Dommage, je n&rsquo;aurai pas la trace compl\u00e8te de mon vol mais c&rsquo;est pas grave!<br \/>\nLe poser \u00e0 Saint-Andr\u00e9 se fera tout en douceur, pas de cisaillements de l&rsquo;espace pour cette fois.<\/p>\n<p>Pascal pose 20 min apr\u00e8s et il aura tout autant gal\u00e9r\u00e9 que moi sur le retour au final. On est refait, trop content d&rsquo;avoir partag\u00e9 ce vol ensemble!<br \/>\nTout le monde aura bien vol\u00e9 et Vince, Fran\u00e7ois et Julo bouclent leur aller-retour Saint-Andr\u00e9 Dormillouse.<br \/>\nOn f\u00eate \u00e7a au camping avec un petit Barbeuc et Pascal s&rsquo;approche de la Paskule mais ne la franchira finalement pas, ouf les vacanciers pourront passer une nuit tranquille..<\/p>\n<p>Manu.<\/p>\n<p>Ma trace incompl\u00e8te:\u00a0<a href=\"https:\/\/parapente.ffvl.fr\/cfd\/liste\/vol\/20346419\">https:\/\/parapente.ffvl.fr\/cfd\/liste\/vol\/20346419<\/a><\/p>\n<p>celle de Pascal:\u00a0<a href=\"https:\/\/parapente.ffvl.fr\/cfd\/liste\/vol\/20346114\">https:\/\/parapente.ffvl.fr\/cfd\/liste\/vol\/20346114<\/a><\/p>\n<p>&nbsp;<\/p>\n<\/div>\n<\/div>\n","protected":false},"excerpt":{"rendered":"<p>Retour sur un vol en triangle au d\u00e9part de Saint Andr\u00e9 Les Alpes partag\u00e9 avec le Rapace Pakal&hellip;<\/p>\n","protected":false},"author":7,"featured_media":0,"comment_status":"open","ping_status":"open","sticky":false,"template":"","format":"standard","meta":{"footnotes":""},"categories":[31],"tags":[],"class_list":["post-1921","post","type-post","status-publish","format-standard","hentry","category-vieclub"],"_links":{"self":[{"href":"https:\/\/www.rapacesdazur.fr\/index.php?rest_route=\/wp\/v2\/posts\/1921","targetHints":{"allow":["GET"]}}],"collection":[{"href":"https:\/\/www.rapacesdazur.fr\/index.php?rest_route=\/wp\/v2\/posts"}],"about":[{"href":"https:\/\/www.rapacesdazur.fr\/index.php?rest_route=\/wp\/v2\/types\/post"}],"author":[{"embeddable":true,"href":"https:\/\/www.rapacesdazur.fr\/index.php?rest_route=\/wp\/v2\/users\/7"}],"replies":[{"embeddable":true,"href":"https:\/\/www.rapacesdazur.fr\/index.php?rest_route=%2Fwp%2Fv2%2Fcomments&post=1921"}],"version-history":[{"count":1,"href":"https:\/\/www.rapacesdazur.fr\/index.php?rest_route=\/wp\/v2\/posts\/1921\/revisions"}],"predecessor-version":[{"id":1963,"href":"https:\/\/www.rapacesdazur.fr\/index.php?rest_route=\/wp\/v2\/posts\/1921\/revisions\/1963"}],"wp:attachment":[{"href":"https:\/\/www.rapacesdazur.fr\/index.php?rest_route=%2Fwp%2Fv2%2Fmedia&parent=1921"}],"wp:term":[{"taxonomy":"category","embeddable":true,"href":"https:\/\/www.rapacesdazur.fr\/index.php?rest_route=%2Fwp%2Fv2%2Fcategories&post=1921"},{"taxonomy":"post_tag","embeddable":true,"href":"https:\/\/www.rapacesdazur.fr\/index.php?rest_route=%2Fwp%2Fv2%2Ftags&post=1921"}],"curies":[{"name":"wp","href":"https:\/\/api.w.org\/{rel}","templated":true}]}}