{"id":1926,"date":"2023-09-08T13:52:44","date_gmt":"2023-09-08T13:52:44","guid":{"rendered":"https:\/\/www.rapacesdazur.fr\/2023\/09\/-a214760857"},"modified":"2025-01-11T20:28:56","modified_gmt":"2025-01-11T19:28:56","slug":"2023-09-a214760857","status":"publish","type":"post","link":"https:\/\/www.rapacesdazur.fr\/?p=1926","title":{"rendered":"Compet Alpes du Sud\u00a0: Round 2\u00a0!"},"content":{"rendered":"<div class=\"ob-sections\">\n<div class=\"ob-section ob-section-html \">\n<p class=\"MsoNormal\" style=\"text-align: center;\"><span style=\"color: #ff0000;\">Compet Alpes du Sud\u00a0: Round 2\u00a0!<\/span><\/p>\n<p style=\"text-align: center;\"><a href=\"https:\/\/www.rapacesdazur.fr\/eki\/jJXPp_GesW8vlICa4uRi-Js9AIc.jpg\"><img decoding=\"async\" src=\"https:\/\/www.rapacesdazur.fr\/eki\/jJXPp_GesW8vlICa4uRi-Js9AIc@500x278.jpg\" alt=\"\" \/><\/a><\/p>\n<p class=\"MsoNormal\">Septembre, c\u2019est la rentr\u00e9e, c\u2019est aussi la reprise pour la seconde partie des comp\u00e9titions sport Alpes du sud sur lesquelles nous nous sommes inscrits avec Stef,<\/p>\n<p class=\"MsoNormal\">Les 3 premiers week-ends de septembre seront donc, Montclar, Digne et le D\u00e9voluy,<\/p>\n<p class=\"MsoNormal\">Rdv le samedi 2 Septembre \u00e0 Montclar, la m\u00e9t\u00e9o s\u2019annonce charg\u00e9e avec risque d\u2019orage vers 16h30-17h, une organisation aux petits oignons et super efficace nous accueille \u00e0 la mairie, petit d\u00e9j, sandwiches, b\u00e9n\u00e9voles sympa, briefing s\u00e9cu etc\u2026<\/p>\n<p class=\"MsoNormal\">Il y a Stef, Jules&amp;fanfan de Signes et Paco l\u2019\u00e9l\u00e8ve moniteur de Signes, et au moins 10 pilotes que j\u2019ai c\u00f4toy\u00e9s pendant la TRANS\u2019ALP il y a 15j.<\/p>\n<p class=\"MsoNormal\">c\u2019est parti pour les remont\u00e9es m\u00e9caniques pour se diriger au d\u00e9co\u00a0!<\/p>\n<p style=\"text-align: center;\"><a href=\"https:\/\/www.rapacesdazur.fr\/eki\/tjQsvbGY97Rkss-nPHWfBYACtQA.jpg\"><img decoding=\"async\" src=\"https:\/\/www.rapacesdazur.fr\/eki\/tjQsvbGY97Rkss-nPHWfBYACtQA@500x225.jpg\" alt=\"\" \/><\/a><\/p>\n<p class=\"MsoNormal\">Stef s\u2019est propos\u00e9e pour faire partie du comit\u00e9 de pilote, \u00e7a n\u2019implique rien, juste l\u2019avis des pilotes sur les manches propos\u00e9es, et nous repr\u00e9senter si besoin, mais c\u2019est super int\u00e9ressant car le DE explique les diff\u00e9rentes options, les flux possibles \u00e0 l\u2019heure pr\u00e9vue des passages etc \u2026.<\/p>\n<p class=\"MsoNormal\"><a href=\"https:\/\/www.rapacesdazur.fr\/eki\/I0V5OPIj_xSZnSIXC5UGRVuR3c8.jpg\"><img decoding=\"async\" src=\"https:\/\/www.rapacesdazur.fr\/eki\/I0V5OPIj_xSZnSIXC5UGRVuR3c8@500x225.jpg\" alt=\"Les Signois en force\" \/><\/a>\u00a0 \u00a0 \u00a0 \u00a0 \u00a0 \u00a0 \u00a0 \u00a0 \u00a0<a href=\"https:\/\/www.rapacesdazur.fr\/eki\/b6yQfPRL3WgiyyWqYeQCsVPJl1I.jpg\"><img decoding=\"async\" src=\"https:\/\/www.rapacesdazur.fr\/eki\/b6yQfPRL3WgiyyWqYeQCsVPJl1I@500x225.jpg\" alt=\"\" \/><\/a><\/p>\n<p class=\"MsoNormal\"><a href=\"https:\/\/www.rapacesdazur.fr\/eki\/I0V5OPIj_xSZnSIXC5UGRVuR3c8.jpg\">\u00a0<\/a><\/p>\n<p class=\"MsoNormal\">Pour ma part, un candidat au DEJEPS propose spontan\u00e9ment et avec humilit\u00e9, d\u2019offrir ses services en tant que \u00ab\u00a0coach\u00a0\u00bb pour s\u2019exercer \u00e0 son projet DEJEPS, un groupe de 8 est form\u00e9 (des docs expliquant son projet, le r\u00f4le du coach, de l\u2019auto-analyse apr\u00e8s les manches, des d\u00e9briefings \u00e0 chaud et \u00e0 froid, des briefings avant course, m\u00e9t\u00e9o, strat\u00e9gie etc\u2026) bref\u00a0! on est apparemment entre de bonnes mains.<\/p>\n<p style=\"text-align: center;\"><a href=\"https:\/\/www.rapacesdazur.fr\/eki\/HwCyG1ojWl71-5OAPWDlXZfIsJc.jpg\"><img decoding=\"async\" src=\"https:\/\/www.rapacesdazur.fr\/eki\/HwCyG1ojWl71-5OAPWDlXZfIsJc@500x375.jpg\" alt=\"\" \/><\/a><\/p>\n<p class=\"MsoNormal\">La manche fait 40 km, un start au-dessus du d\u00e9co, une balise sur la Blanche, une autre \u00e0 la Micheline, une en plaine, va pour le Morgon, ESS puis Goal.<\/p>\n<p style=\"text-align: center;\"><a href=\"https:\/\/www.rapacesdazur.fr\/eki\/bzeAJhBE_RyMtVvwzeaByb-mpnk.jpg\"><img decoding=\"async\" src=\"https:\/\/www.rapacesdazur.fr\/eki\/bzeAJhBE_RyMtVvwzeaByb-mpnk@500x559.jpg\" alt=\"\" \/><\/a><\/p>\n<p class=\"MsoNormal\">D\u00e8s le d\u00e9but, \u00e7a va tr\u00e8s vite, je prends un tr\u00e8s bon start m\u00eame si je ne suis pas au plaf, et je suis le groupe de t\u00eate, arriv\u00e9 \u00e0 B2 nous sommes 6 devant, et les choses se corsent pour aller vers B3 , ce petit groupe se divise, un vers l\u2019Ouest direct, Paco vers le village de Seyne, et moi plus vers le Nord direction le relief de Seyne, ma ligne porte, celle de Paco non, nous tapons la balise et le premier qui nous a mis un petit trou se refait derri\u00e8re le relief de Seyne, cool\u00a0! c\u2019est pas loin d\u2019o\u00f9 je suis, pour les autres, l\u2019extraction est plus compliqu\u00e9e car ils sont plus bas, ce thermique nous d\u00e9cale et nous remonte gentiment sur la blanche pour se diriger d\u00e9j\u00e0 vers B4 le Morgon, le raccrochage se fait plus bas que la cr\u00eate pour moi, Fanfan qui m\u2019avait rejoint dans le thermique et fait 4 tours de plus est 100m au dessus, le cheminement se fait pouss\u00e9 l\u00e9g\u00e8rement et au 1<sup>er<\/sup> barreau 64km\/h au dessus des cimes des sapins, l\u2019impression de vitesse est l\u00e0\u00a0! on perd pas de temps, on se jette direct vers le Morgon, d\u00e9part \u00e0 1800m et raccrochage \u00e0 1400m la ligne \u00e9tait pas top, mais il est seulement 14h et la brise n\u2019est pas encore bcp install\u00e9e et le raccrochage est lent\u2026 cyclique\u00a0! je perds du temps, d\u2019autres arrivent et remontent plus vite que moi, la balise est tap\u00e9e et le groupe de t\u00eate compos\u00e9 de Fanfan, Paco, le coach et un autre partent \u00e0 la barbule, que c\u2019est beau le Morgon, et ce plateau derri\u00e8re\u00a0!! c\u2019est une premi\u00e8re pour moi, c\u2019est impressionnant, d\u2019ailleurs, je me chie un peu dessus\u2026 \u00e7a monte d\u2019un coup tr\u00e8s fort, et puis rien, fort\u00a0! et rien\u00a0! 2400 j\u2019aime pas cet endroit, je me casse\u00a0! ma ligne n\u2019est pas extra, d\u2019autres devant ont eu la m\u00eame, je les vois taper l\u2019ESS et faire demi-tour pour poser dans les champs, je la tape, je me dirige vers les sapins pour essayer de flotter, rien\u2026 un petit truc, je tourne 2 tours dedans, mais j\u2019ai plus perdu qu\u2019autre chose\u2026 c\u2019est pas grave, je me rapproche le plus du goal pour poser pas loin des copains\u2026 atterrissage merdique avec l\u00e9ger vent de cul, je crois que mes chevilles sont touch\u00e9es\u2026. Je plie et je vois Fanfan et Paco qui ont fait 2<sup>\u00e8me<\/sup> et 3 \u00e8me\u00a0!! je comprends vite que j\u2019aurais pu faire 5<sup>\u00e8me<\/sup>\u2026 je serai juste le 1<sup>er<\/sup> \u00e0 ne pas boucler soit le 26<sup>\u00e8me<\/sup>\u00a0!<\/p>\n<p class=\"MsoNormal\">\n<p class=\"MsoNormal\">Pendant ce temps, Stef s\u2019applique et boucle\u00a0! elle finira 20<sup>\u00e8me<\/sup> , elle a le smile, mais je ne valorise pas assez sa performance car je suis tellement d\u00e9\u00e7u de la mienne, et mes chevilles m\u2019inqui\u00e8tent\u2026<\/p>\n<p class=\"MsoNormal\">La pluie fait son apparition vers 18h, une bonne rasade d\u2019une heure.<\/p>\n<p class=\"MsoNormal\">Le lendemain, les plafs sont annonc\u00e9s plus bas, pas de formation nuageuse et m\u00eame un voile se met en place, la manche sera de 50km, avec bcp d\u2019options diff\u00e9rentes pour claquer les balises.<\/p>\n<p style=\"text-align: center;\"><a href=\"https:\/\/www.rapacesdazur.fr\/eki\/rm_osoXavhPKiwdtualEtwvL188.jpg\"><img decoding=\"async\" src=\"https:\/\/www.rapacesdazur.fr\/eki\/rm_osoXavhPKiwdtualEtwvL188@500x225.jpg\" alt=\"\" \/><\/a><\/p>\n<p style=\"text-align: center;\">\u00a0<a href=\"https:\/\/www.rapacesdazur.fr\/eki\/5YPyPVklkP10--N46oD8eEX5dgM.jpg\"><img decoding=\"async\" src=\"https:\/\/www.rapacesdazur.fr\/eki\/5YPyPVklkP10--N46oD8eEX5dgM@500x375.jpg\" alt=\"\" \/><\/a>\u00a0 \u00a0 \u00a0 \u00a0 \u00a0 \u00a0 \u00a0 \u00a0\u00a0<a href=\"https:\/\/www.rapacesdazur.fr\/eki\/reFU9x2Dvi8E548zwQMgLzws89E.jpg\"><img decoding=\"async\" src=\"https:\/\/www.rapacesdazur.fr\/eki\/reFU9x2Dvi8E548zwQMgLzws89E@500x375.jpg\" alt=\"\" \/><\/a><\/p>\n<p style=\"text-align: center;\"><a href=\"https:\/\/www.rapacesdazur.fr\/eki\/i6XH-wxDcL1RFFPNWJGNURzLf9U.jpg\"><img decoding=\"async\" src=\"https:\/\/www.rapacesdazur.fr\/eki\/i6XH-wxDcL1RFFPNWJGNURzLf9U@500x375.jpg\" alt=\"\" \/><\/a><\/p>\n<p class=\"MsoNormal\">Une stabilit\u00e9 plus importante et l\u2019humidit\u00e9 retarde deux fois le start, puis l\u2019extraction est bcp plus difficile.L\u2019objectif est clairement de boucler et de poser en douceur pour m\u00e9nager mes chevilles. Stef fait un super start, elle est devant, raccroche bas et perdra du temps \u00e0 se re-extraire pour remonter sur la blanche, pour ma part, je prends mon temps, des groupes me devancent, je m\u2019applique \u00e0 faire les pleins. Ma strat\u00e9gie est de taper les balises et de revenir \u00e0 chaque fois sur la blanche, ce n\u2019est pas l\u2019optique de certains qui veulent taper B2 et B3 en m\u00eame temps, leur raccrochage sur la blanche sera compliqu\u00e9 et bcp poseront\u2026 pour ma part, je profite du paysage, c\u2019est min\u00e9ral, les paysages sont splendides du c\u00f4t\u00e9 Est de la Blanche, que c\u2019est beau\u00a0!! je monte quand m\u00eame \u00e0 3200 avec ce voile avant l\u2019Estrop pour taper la derni\u00e8re balise la plus au Sud, B4, je croise Stef qui va taper B3, les thermiques sont bcp plus calme aujourd\u2019hui\u00a0! trop cool moins dans la course, j\u2019oublie de faire une balise en plaine B5 avant de faire celles du Morgon B6 et du Morgonet B7, je perds un temps fou lors de mon raccrochage car je suis parti bas, mais j\u2019assurre assez d\u2019altitude pour un raccrochage plus haut sur le Morgon, je ne vais pas refaire la m\u00eame erreur qu\u2019hier\u00a0! le raccrochage se passe mieux, l\u2019appr\u00e9hension n\u2019est plus l\u00e0, balise claqu\u00e9e, je m\u2019avance sur le Morgonet et trouve une ascendance qui me permets d\u2019assurer mon retour\u00a0avec une belle laisse de chien pour taper B8 ! pendant ce temps, bcp v\u00e2chent, il est 17h30 quand je boucle, et comme pr\u00e9vu, je pose comme une fleur sur ma cheville la moins douloureuse.<\/p>\n<p class=\"MsoNormal\">Je check XCContest et voit Stef sur le tracking, taper B5 et revient bien haut vers le d\u00e9co, il est 17h50 et la fermeture de la fen\u00eatre est 18h, elle se rend compte qu\u2019elle n\u2019aura pas le temps de faire B6 et B7 et d\u00e9cide de venir poser au goal\u2026 elle est super contente, fatigu\u00e9e, mais heureuse\u00a0!!<\/p>\n<p style=\"text-align: center;\"><a href=\"https:\/\/www.rapacesdazur.fr\/eki\/tAmzSWqVrXC-JnH8OLASRj-H8ug.jpg\"><img decoding=\"async\" src=\"https:\/\/www.rapacesdazur.fr\/eki\/tAmzSWqVrXC-JnH8OLASRj-H8ug@500x333.jpg\" alt=\"\" \/><\/a><\/p>\n<p class=\"MsoNormal\">Au g\u00e9n\u00e9ral je fini 11<sup>\u00e8me<\/sup> de la manche 2 et Stef 19<sup>\u00e8me<\/sup> !!<\/p>\n<p class=\"MsoNormal\">Paco fini 1<sup>er<\/sup> et Fanfan 2<sup>\u00e8me<\/sup>\u2026 ils ont bien repr\u00e9sent\u00e9 SIGNES\u00a0! Bravo les gars\u00a0!<\/p>\n<p style=\"text-align: center;\">\n<p class=\"MsoNormal\">Le r\u00e9sultat en Sport au cumul des 2 manches\u00a0: je suis 7<sup>\u00e8me<\/sup> et Stef 12 \u00e8me (1<sup>\u00e8re<\/sup> des F\u00e9minines)<\/p>\n<p class=\"MsoNormal\">\n<p class=\"MsoNormal\"><span lang=\"EN-US\" style=\"mso-ansi-language: EN-US;\">Ce week-end, c\u2019est Digne !! Gogogo !<\/span><\/p>\n<\/div>\n<\/div>\n","protected":false},"excerpt":{"rendered":"<p>Compet Alpes du Sud\u00a0: Round 2\u00a0! Septembre, c\u2019est la rentr\u00e9e, c\u2019est aussi la reprise pour la seconde partie&hellip;<\/p>\n","protected":false},"author":9,"featured_media":0,"comment_status":"open","ping_status":"open","sticky":false,"template":"","format":"standard","meta":{"footnotes":""},"categories":[31],"tags":[],"class_list":["post-1926","post","type-post","status-publish","format-standard","hentry","category-vieclub"],"_links":{"self":[{"href":"https:\/\/www.rapacesdazur.fr\/index.php?rest_route=\/wp\/v2\/posts\/1926","targetHints":{"allow":["GET"]}}],"collection":[{"href":"https:\/\/www.rapacesdazur.fr\/index.php?rest_route=\/wp\/v2\/posts"}],"about":[{"href":"https:\/\/www.rapacesdazur.fr\/index.php?rest_route=\/wp\/v2\/types\/post"}],"author":[{"embeddable":true,"href":"https:\/\/www.rapacesdazur.fr\/index.php?rest_route=\/wp\/v2\/users\/9"}],"replies":[{"embeddable":true,"href":"https:\/\/www.rapacesdazur.fr\/index.php?rest_route=%2Fwp%2Fv2%2Fcomments&post=1926"}],"version-history":[{"count":1,"href":"https:\/\/www.rapacesdazur.fr\/index.php?rest_route=\/wp\/v2\/posts\/1926\/revisions"}],"predecessor-version":[{"id":1962,"href":"https:\/\/www.rapacesdazur.fr\/index.php?rest_route=\/wp\/v2\/posts\/1926\/revisions\/1962"}],"wp:attachment":[{"href":"https:\/\/www.rapacesdazur.fr\/index.php?rest_route=%2Fwp%2Fv2%2Fmedia&parent=1926"}],"wp:term":[{"taxonomy":"category","embeddable":true,"href":"https:\/\/www.rapacesdazur.fr\/index.php?rest_route=%2Fwp%2Fv2%2Fcategories&post=1926"},{"taxonomy":"post_tag","embeddable":true,"href":"https:\/\/www.rapacesdazur.fr\/index.php?rest_route=%2Fwp%2Fv2%2Ftags&post=1926"}],"curies":[{"name":"wp","href":"https:\/\/api.w.org\/{rel}","templated":true}]}}