{"id":1927,"date":"2023-10-07T18:09:27","date_gmt":"2023-10-07T18:09:27","guid":{"rendered":"https:\/\/www.rapacesdazur.fr\/2023\/10\/fin-du-championnat-de-france-de-p-a-a214866849"},"modified":"2025-01-11T20:26:47","modified_gmt":"2025-01-11T19:26:47","slug":"2023-10-fin-du-championnat-de-france-de-p-a-a214866849","status":"publish","type":"post","link":"https:\/\/www.rapacesdazur.fr\/?p=1927","title":{"rendered":"Fin du championnat de France de P.A"},"content":{"rendered":"<div class=\"ob-sections\">\n<div class=\"ob-section ob-section-html \">\n<p><span style=\"font-size: 14pt;\">C&rsquo;est du direct, depuis Banon capitale mondiale de la pr\u00e9cision d&rsquo;atterrissage pour 2023&#8230;<\/span><\/p>\n<p><span style=\"font-size: 14pt;\">43 inscrits et le Cube est bien repr\u00e9sent\u00e9 par Phil qui est en l&rsquo;air&#8230;<\/span><\/p>\n<p style=\"text-align: center;\"><a href=\"https:\/\/www.rapacesdazur.fr\/eki\/c0MRo2ju8qe5D46R9APlV1z2QP0.jpg\"><img decoding=\"async\" src=\"https:\/\/www.rapacesdazur.fr\/eki\/c0MRo2ju8qe5D46R9APlV1z2QP0@500x470.jpg\" alt=\"Fin du championnat de France de P.A\" \/><\/a><\/p>\n<p><span style=\"font-size: 14pt;\">Le parking devant le terrain a \u00e9t\u00e9 refait afin de mieux organiser les navettes<\/span><\/p>\n<p style=\"text-align: center;\"><a href=\"https:\/\/www.rapacesdazur.fr\/eki\/-zjLmvPddetEjwwZ0nQs6rwXKW0.jpg\"><img decoding=\"async\" src=\"https:\/\/www.rapacesdazur.fr\/eki\/-zjLmvPddetEjwwZ0nQs6rwXKW0@800x360.jpg\" alt=\"Le championnat de France de P.A\" \/><\/a><\/p>\n<p><span style=\"font-size: 14pt;\">les pilotes posent tour \u00e0 tour et il y a toujours au moins 3 \u00e0 4 ailes en l&rsquo;air en m\u00eame temps.<\/span><\/p>\n<p style=\"text-align: center;\"><a href=\"https:\/\/www.rapacesdazur.fr\/eki\/umMDayr_iU_OFtQXZ2PFHiqcGVU.jpg\"><img decoding=\"async\" src=\"https:\/\/www.rapacesdazur.fr\/eki\/umMDayr_iU_OFtQXZ2PFHiqcGVU@800x360.jpg\" alt=\"Le championnat de France de P.A\" \/><\/a><\/p>\n<p><span style=\"font-size: 14pt;\">Quand j&rsquo;arrive Raoul Rodriguez fait <span style=\"text-decoration: line-through;\">le joli c\u0153ur<\/span>\u00a0un cours d&rsquo;atterro \u00e0 une touriste\u00a0<\/span><\/p>\n<p style=\"text-align: center;\"><a href=\"https:\/\/www.rapacesdazur.fr\/eki\/i7g71abz0hVS8ZA1u5UpY2mtFco.jpg\"><img decoding=\"async\" src=\"https:\/\/www.rapacesdazur.fr\/eki\/i7g71abz0hVS8ZA1u5UpY2mtFco@800x360.jpg\" alt=\"Le championnat de France de P.A\" \/><\/a><\/p>\n<p><span style=\"font-size: 14pt;\">Philou arrive et se pr\u00e9pare \u00e0 toucher la cible<\/span><\/p>\n<p style=\"text-align: center;\"><a href=\"https:\/\/www.rapacesdazur.fr\/eki\/DvNCb-qIab5gpJz5GkTBXhLKtTk.jpg\"><img decoding=\"async\" src=\"https:\/\/www.rapacesdazur.fr\/eki\/DvNCb-qIab5gpJz5GkTBXhLKtTk@800x360.jpg\" alt=\"Le championnat de France de P.A\" \/><\/a><\/p>\n<p><span style=\"font-size: 14pt;\">Mise de l&rsquo;aile en boule pour vite plier et remonter au d\u00e9co pour une tentative suppl\u00e9mentaire<\/span><\/p>\n<p style=\"text-align: center;\"><a href=\"https:\/\/www.rapacesdazur.fr\/eki\/TL-Mwy_owItRVh0c8FVfQSYoqHw.jpg\"><img decoding=\"async\" src=\"https:\/\/www.rapacesdazur.fr\/eki\/TL-Mwy_owItRVh0c8FVfQSYoqHw@800x369.jpg\" alt=\"Le championnat de France de P.A\" \/><\/a><\/p>\n<p><span style=\"font-size: 14pt;\">Poign\u00e9e de mains \u00e0 Raoul Rodriguez en passant<\/span><\/p>\n<p style=\"text-align: center;\"><a href=\"https:\/\/www.rapacesdazur.fr\/eki\/QycYkAIK6JKPNXnQldnl97fx4YE.jpg\"><img decoding=\"async\" src=\"https:\/\/www.rapacesdazur.fr\/eki\/QycYkAIK6JKPNXnQldnl97fx4YE@600x948.jpg\" alt=\"Le championnat de France de P.A\" \/><\/a><\/p>\n<p><span style=\"font-size: 14pt;\">et petit selfie des deux Rapaces avant de continuer la comp\u00e8te&#8230;<\/span><\/p>\n<p><span style=\"font-size: 14pt;\">Fin de la deuxi\u00e8me journ\u00e9e et Phil termine 10iem au g\u00e9n\u00e9ral&#8230;pas mal quand m\u00eame<\/span><\/p>\n<p style=\"text-align: center;\"><a href=\"https:\/\/www.rapacesdazur.fr\/eki\/KP7O4RSzoOzV0wQqRpWqewC1TVI.jpg\"><img decoding=\"async\" src=\"https:\/\/www.rapacesdazur.fr\/eki\/KP7O4RSzoOzV0wQqRpWqewC1TVI@800x534.jpg\" alt=\"Le championnat de France de P.A\" \/><\/a><\/p>\n<p><span style=\"font-size: 14pt;\">Premier et champion de France Flavio Funiati, 2iem Catherine Devos, 3iem Emmanuel Thierraz\u00a0<\/span><\/p>\n<p>&nbsp;<\/p>\n<\/div>\n<\/div>\n","protected":false},"excerpt":{"rendered":"<p>C&rsquo;est du direct, depuis Banon capitale mondiale de la pr\u00e9cision d&rsquo;atterrissage pour 2023&#8230; 43 inscrits et le Cube&hellip;<\/p>\n","protected":false},"author":2,"featured_media":0,"comment_status":"open","ping_status":"open","sticky":false,"template":"","format":"standard","meta":{"footnotes":""},"categories":[31],"tags":[],"class_list":["post-1927","post","type-post","status-publish","format-standard","hentry","category-vieclub"],"_links":{"self":[{"href":"https:\/\/www.rapacesdazur.fr\/index.php?rest_route=\/wp\/v2\/posts\/1927","targetHints":{"allow":["GET"]}}],"collection":[{"href":"https:\/\/www.rapacesdazur.fr\/index.php?rest_route=\/wp\/v2\/posts"}],"about":[{"href":"https:\/\/www.rapacesdazur.fr\/index.php?rest_route=\/wp\/v2\/types\/post"}],"author":[{"embeddable":true,"href":"https:\/\/www.rapacesdazur.fr\/index.php?rest_route=\/wp\/v2\/users\/2"}],"replies":[{"embeddable":true,"href":"https:\/\/www.rapacesdazur.fr\/index.php?rest_route=%2Fwp%2Fv2%2Fcomments&post=1927"}],"version-history":[{"count":1,"href":"https:\/\/www.rapacesdazur.fr\/index.php?rest_route=\/wp\/v2\/posts\/1927\/revisions"}],"predecessor-version":[{"id":1961,"href":"https:\/\/www.rapacesdazur.fr\/index.php?rest_route=\/wp\/v2\/posts\/1927\/revisions\/1961"}],"wp:attachment":[{"href":"https:\/\/www.rapacesdazur.fr\/index.php?rest_route=%2Fwp%2Fv2%2Fmedia&parent=1927"}],"wp:term":[{"taxonomy":"category","embeddable":true,"href":"https:\/\/www.rapacesdazur.fr\/index.php?rest_route=%2Fwp%2Fv2%2Fcategories&post=1927"},{"taxonomy":"post_tag","embeddable":true,"href":"https:\/\/www.rapacesdazur.fr\/index.php?rest_route=%2Fwp%2Fv2%2Ftags&post=1927"}],"curies":[{"name":"wp","href":"https:\/\/api.w.org\/{rel}","templated":true}]}}