{"id":2255,"date":"2025-11-06T15:49:05","date_gmt":"2025-11-06T14:49:05","guid":{"rendered":"https:\/\/www.rapacesdazur.fr\/?p=2255"},"modified":"2025-12-06T08:53:31","modified_gmt":"2025-12-06T07:53:31","slug":"assemblee-generale-2025-le-vendredi-12-decembre-soir","status":"publish","type":"post","link":"https:\/\/www.rapacesdazur.fr\/?p=2255","title":{"rendered":"Assembl\u00e9e G\u00e9n\u00e9rale 2025 le vendredi 12 D\u00e9cembre soir"},"content":{"rendered":"<p><span style=\"font-family: 'comic sans ms', sans-serif; font-size: 36px;\">Tous les membres du Club sont invit\u00e9s \u00e0 l&rsquo;<span style=\"color: #0000ff;\"><strong>AG annuelle<\/strong><\/span>, qui se d\u00e9roulera le <span style=\"color: #0000ff;\"><strong>12 d\u00e9cembre \u00e0 partir de 19h<\/strong><\/span> \u00e0 la petite salle au dessus de la salle de gym du stade. Vous recevrez l&rsquo;ordre du jour avant fin Novembre, ce qui vous permettra de pr\u00e9parer \/ envoyer avant vos questions, et nous permettra de nous focaliser sur les points majeurs pendant l&rsquo;AG. Le Club ach\u00e8tera \u00e0 grignoter et \u00e0 boire comme d&rsquo;habitude. Nous vous enverrons aussi une d\u00e9l\u00e9gation \u00e0 signer pour ceux qui ne peuvent pas venir.<\/span><\/p>\n<p><span style=\"font-family: 'comic sans ms', sans-serif;\"><img loading=\"lazy\" decoding=\"async\" class=\"alignnone size-large wp-image-2021\" src=\"https:\/\/www.rapacesdazur.fr\/wp-content\/uploads\/2025\/01\/superbe-vue-de-la-baie-1024x576.jpg\" alt=\"\" width=\"1024\" height=\"576\" srcset=\"https:\/\/www.rapacesdazur.fr\/wp-content\/uploads\/2025\/01\/superbe-vue-de-la-baie-1024x576.jpg 1024w, https:\/\/www.rapacesdazur.fr\/wp-content\/uploads\/2025\/01\/superbe-vue-de-la-baie-300x169.jpg 300w, https:\/\/www.rapacesdazur.fr\/wp-content\/uploads\/2025\/01\/superbe-vue-de-la-baie-768x432.jpg 768w, https:\/\/www.rapacesdazur.fr\/wp-content\/uploads\/2025\/01\/superbe-vue-de-la-baie-1536x864.jpg 1536w, https:\/\/www.rapacesdazur.fr\/wp-content\/uploads\/2025\/01\/superbe-vue-de-la-baie.jpg 2016w\" sizes=\"auto, (max-width: 1024px) 100vw, 1024px\" \/>\u00a0<\/span><span style=\"font-family: 'comic sans ms', sans-serif;\">D&rsquo;ici l\u00e0, quelques beaux vols ?<\/span><\/p>\n<p><span style=\"font-family: 'comic sans ms', sans-serif;\">Le Bureau<\/span><\/p>\n","protected":false},"excerpt":{"rendered":"<p>Tous les membres du Club sont invit\u00e9s \u00e0 l&rsquo;AG annuelle, qui se d\u00e9roulera le 12 d\u00e9cembre \u00e0 partir&hellip;<\/p>\n","protected":false},"author":2,"featured_media":2121,"comment_status":"open","ping_status":"open","sticky":false,"template":"","format":"gallery","meta":{"footnotes":""},"categories":[31],"tags":[],"class_list":["post-2255","post","type-post","status-publish","format-gallery","has-post-thumbnail","hentry","category-vieclub","post_format-post-format-gallery"],"_links":{"self":[{"href":"https:\/\/www.rapacesdazur.fr\/index.php?rest_route=\/wp\/v2\/posts\/2255","targetHints":{"allow":["GET"]}}],"collection":[{"href":"https:\/\/www.rapacesdazur.fr\/index.php?rest_route=\/wp\/v2\/posts"}],"about":[{"href":"https:\/\/www.rapacesdazur.fr\/index.php?rest_route=\/wp\/v2\/types\/post"}],"author":[{"embeddable":true,"href":"https:\/\/www.rapacesdazur.fr\/index.php?rest_route=\/wp\/v2\/users\/2"}],"replies":[{"embeddable":true,"href":"https:\/\/www.rapacesdazur.fr\/index.php?rest_route=%2Fwp%2Fv2%2Fcomments&post=2255"}],"version-history":[{"count":3,"href":"https:\/\/www.rapacesdazur.fr\/index.php?rest_route=\/wp\/v2\/posts\/2255\/revisions"}],"predecessor-version":[{"id":2272,"href":"https:\/\/www.rapacesdazur.fr\/index.php?rest_route=\/wp\/v2\/posts\/2255\/revisions\/2272"}],"wp:featuredmedia":[{"embeddable":true,"href":"https:\/\/www.rapacesdazur.fr\/index.php?rest_route=\/wp\/v2\/media\/2121"}],"wp:attachment":[{"href":"https:\/\/www.rapacesdazur.fr\/index.php?rest_route=%2Fwp%2Fv2%2Fmedia&parent=2255"}],"wp:term":[{"taxonomy":"category","embeddable":true,"href":"https:\/\/www.rapacesdazur.fr\/index.php?rest_route=%2Fwp%2Fv2%2Fcategories&post=2255"},{"taxonomy":"post_tag","embeddable":true,"href":"https:\/\/www.rapacesdazur.fr\/index.php?rest_route=%2Fwp%2Fv2%2Ftags&post=2255"}],"curies":[{"name":"wp","href":"https:\/\/api.w.org\/{rel}","templated":true}]}}