{"id":753,"date":"2015-03-07T12:28:58","date_gmt":"2015-03-07T12:28:58","guid":{"rendered":"https:\/\/www.rapacesdazur.fr\/2010\/05\/vol-de-ouf-sur-la-cfd-a114940896"},"modified":"2015-03-07T12:28:58","modified_gmt":"2015-03-07T12:28:58","slug":"2010-05-vol-de-ouf-sur-la-cfd-a114940896","status":"publish","type":"post","link":"https:\/\/www.rapacesdazur.fr\/?p=753","title":{"rendered":"Vol de OUF sur la CFD"},"content":{"rendered":"<div class=\"ob-sections\">\n<div\n    class=\"ob-section ob-section-html \"\n      ><\/p>\n<div class=\"ob-section ob-section-html\">\n<p> <span style=\"font-size: 14pt;\">Vol r\u00e9alis\u00e9 jeudi dernier alors que de nombreux pilotes locaux renon\u00e7aient aux cross dans la r\u00e9gion afin de respecter les zones militaires&#8230; (non je d\u00e9conne!) <img decoding=\"async\" border=\"0\" src=\"http:\/\/fdata.over-blog.com\/pics\/smiles\/icon_lol.gif\" alt=\"\"><\/img><\/span> <\/p>\n<p> &nbsp; <\/p>\n<p> <a href=\"https:\/\/parapente.ffvl.fr\/cfd\/liste\/vol\/20092185\">link<\/a> <\/p>\n<p> &nbsp; <\/p>\n<p> <span style=\"font-size: 14pt;\">\u00e7a change des aller-retour autour de la chartreuse, du vercors et des bauges&#8230;<\/span> <\/p>\n<\/div><\/div>\n<\/p><\/div>\n","protected":false},"excerpt":{"rendered":"<p>Vol r\u00e9alis\u00e9 jeudi dernier alors que de nombreux pilotes locaux renon\u00e7aient aux cross dans la r\u00e9gion afin de&hellip;<\/p>\n","protected":false},"author":0,"featured_media":0,"comment_status":"open","ping_status":"open","sticky":false,"template":"","format":"standard","meta":{"footnotes":""},"categories":[31],"tags":[],"class_list":["post-753","post","type-post","status-publish","format-standard","hentry","category-vieclub"],"_links":{"self":[{"href":"https:\/\/www.rapacesdazur.fr\/index.php?rest_route=\/wp\/v2\/posts\/753","targetHints":{"allow":["GET"]}}],"collection":[{"href":"https:\/\/www.rapacesdazur.fr\/index.php?rest_route=\/wp\/v2\/posts"}],"about":[{"href":"https:\/\/www.rapacesdazur.fr\/index.php?rest_route=\/wp\/v2\/types\/post"}],"replies":[{"embeddable":true,"href":"https:\/\/www.rapacesdazur.fr\/index.php?rest_route=%2Fwp%2Fv2%2Fcomments&post=753"}],"version-history":[{"count":0,"href":"https:\/\/www.rapacesdazur.fr\/index.php?rest_route=\/wp\/v2\/posts\/753\/revisions"}],"wp:attachment":[{"href":"https:\/\/www.rapacesdazur.fr\/index.php?rest_route=%2Fwp%2Fv2%2Fmedia&parent=753"}],"wp:term":[{"taxonomy":"category","embeddable":true,"href":"https:\/\/www.rapacesdazur.fr\/index.php?rest_route=%2Fwp%2Fv2%2Fcategories&post=753"},{"taxonomy":"post_tag","embeddable":true,"href":"https:\/\/www.rapacesdazur.fr\/index.php?rest_route=%2Fwp%2Fv2%2Ftags&post=753"}],"curies":[{"name":"wp","href":"https:\/\/api.w.org\/{rel}","templated":true}]}}