{"id":756,"date":"2015-03-07T12:28:58","date_gmt":"2015-03-07T12:28:58","guid":{"rendered":"https:\/\/www.rapacesdazur.fr\/2010\/09\/coucou-me-revoilou-a114940888"},"modified":"2025-01-19T20:18:25","modified_gmt":"2025-01-19T19:18:25","slug":"2010-09-coucou-me-revoilou-a114940888","status":"publish","type":"post","link":"https:\/\/www.rapacesdazur.fr\/?p=756","title":{"rendered":"Coucou me revoilou !"},"content":{"rendered":"<div class=\"ob-sections\">\n<div class=\"ob-section ob-section-html \">\n<div class=\"ob-section ob-section-html\">\n<p><span style=\"font-size: 14pt;\">Lundi 20 septembre je profite d&rsquo;un mouvement g\u00e9n\u00e9ral des Aixois pour monter faire mon 4 iem vol \u00e0 La St Victoire.<\/span><\/p>\n<p><span style=\"font-size: 14pt;\">Rendez vous avec Lo\u00efc \u00e0 Pourri\u00e8re et quand j&rsquo;arrive le plafond est bas et le vent d&rsquo;Est fort !<\/span><\/p>\n<p><span style=\"font-size: 14pt;\"><a href=\"https:\/\/www.rapacesdazur.fr\/eki\/PkZ0j-ynoP8DvimMSJcRu0CFJnA.jpg\"><img loading=\"lazy\" decoding=\"async\" class=\"alignnone\" style=\"margin: 3px auto; display: block; clear: both;\" src=\"https:\/\/www.rapacesdazur.fr\/eki\/PkZ0j-ynoP8DvimMSJcRu0CFJnA.jpg\" alt=\"S6004688.JPG\" width=\"500\" height=\"375\" \/><\/a><\/span><\/p>\n<p><span style=\"font-size: 14pt;\">Lo\u00efc arrive et ach\u00e8ve de me convaincre que \u00e7a va \u00eatre bon ! On y va, via Puits de Rians pour laisser une voiture, et hop on grimpe par le col des portes.<\/span><\/p>\n<p><span style=\"font-size: 14pt;\"><a href=\"https:\/\/www.rapacesdazur.fr\/eki\/YeG60XxxTbentAy5iqs0hSWgYGA.jpg\"><img loading=\"lazy\" decoding=\"async\" class=\"alignnone\" style=\"margin: 3px auto; display: block; clear: both;\" src=\"https:\/\/www.rapacesdazur.fr\/eki\/YeG60XxxTbentAy5iqs0hSWgYGA.jpg\" alt=\"S6004690.JPG\" width=\"600\" height=\"450\" \/><\/a><\/span><\/p>\n<p><span style=\"font-size: 14pt;\">L&rsquo;ambiance est bon enfant, on casse la cro\u00fbte, puis le ciel passe \u00e0 5\/8 de cum et la plaine est bien sombre ! serions nous un poil en retard ? Vite Ga\u00ebl ouvre le bal, suivi de Lo\u00efc et de son Artik (Mouarfff) . Je d\u00e9cide de crosser aujourd&rsquo;hui,\u00a0 et me pr\u00e9pare.<\/span><\/p>\n<p><span style=\"font-size: 14pt;\">Puis j&rsquo;y vais et on zone un peu avant de commencer \u00e0 monter.<\/span><\/p>\n<p><span style=\"font-size: 14pt;\">\u00a0<\/span><a href=\"https:\/\/www.rapacesdazur.fr\/eki\/NvaDH1Vhpefo2C-OEGx_VzLnFvE.jpg\"><img loading=\"lazy\" decoding=\"async\" class=\"alignnone\" style=\"margin: 3px auto; display: block; clear: both;\" src=\"https:\/\/www.rapacesdazur.fr\/eki\/NvaDH1Vhpefo2C-OEGx_VzLnFvE.jpg\" alt=\"S6004700.JPG\" width=\"500\" height=\"375\" \/><\/a><\/p>\n<p><span style=\"font-size: 14pt;\">\u00a0<\/span><\/p>\n<p><span style=\"font-size: 14pt;\">Le plaf est \u00e0 1680 environ et les barbules arrivent trop vite ! Pas moyen de prendre plus !<\/span><\/p>\n<p><span style=\"font-size: 14pt;\">On d\u00e9cale dans des merdes derri\u00e8re et on a du mal ! Un premier pose, puis un second et Lo\u00efc est tr\u00e8s bas en dessous !<\/span><\/p>\n<p><span style=\"font-size: 14pt;\">\u00a0<a href=\"https:\/\/www.rapacesdazur.fr\/eki\/ya7hlBdFBe6lagPWkaxyCHq-PmU.jpg\"><img loading=\"lazy\" decoding=\"async\" class=\"alignnone\" style=\"margin: 3px auto; display: block; clear: both;\" src=\"https:\/\/www.rapacesdazur.fr\/eki\/ya7hlBdFBe6lagPWkaxyCHq-PmU.jpg\" alt=\"S6004698.JPG\" width=\"500\" height=\"375\" \/><\/a><\/span><\/p>\n<p><span style=\"font-size: 14pt;\">Je d\u00e9cide d&rsquo;arr\u00eater de tourner des bullettes merdiques pour rattrapper le soleil qui est sur le pont de Mirabeau, ici on est trop dans l&rsquo;ombre !<\/span><\/p>\n<p><span style=\"font-size: 14pt;\"><a href=\"https:\/\/www.rapacesdazur.fr\/eki\/dUjJIGfKOPf88Np2a8rdP9_gDXk.jpg\"><img loading=\"lazy\" decoding=\"async\" class=\"alignnone\" style=\"margin: 3px auto; display: block; clear: both;\" src=\"https:\/\/www.rapacesdazur.fr\/eki\/dUjJIGfKOPf88Np2a8rdP9_gDXk.jpg\" alt=\"S6004705.JPG\" width=\"500\" height=\"375\" \/><\/a><\/span><\/p>\n<p><span style=\"font-size: 14pt;\">J&rsquo;arrive sur Mirabeau et chope une bonne pompe! Un planeur me rejoint et tourne avec moi, me rendant un peu inquiet quand je lui tourne le dos!<\/span><\/p>\n<p><span style=\"font-size: 14pt;\">1780 de plaf, haa , enfin \u00e7a monte !<\/span><\/p>\n<p><span style=\"font-size: 14pt;\">Je file vers le Nord-Ouest vers le bout du Lub\u00e9ron o\u00f9 j&rsquo;aper\u00e7ois le d\u00e9co de Montfuron !<\/span><\/p>\n<p><span style=\"font-size: 14pt;\"><a href=\"https:\/\/www.rapacesdazur.fr\/eki\/bP-VXpwOwQAIjBb-3WxPmP3j3U4.jpg\"><img loading=\"lazy\" decoding=\"async\" class=\"alignnone\" style=\"margin: 3px auto; display: block; clear: both;\" src=\"https:\/\/www.rapacesdazur.fr\/eki\/bP-VXpwOwQAIjBb-3WxPmP3j3U4.jpg\" alt=\"S6004710.JPG\" width=\"500\" height=\"375\" \/><\/a><\/span><\/p>\n<p><span style=\"font-size: 14pt;\">Comme je me fais un peu malmener et que je travaille ce soir, je change de route pour revenir vers la Durance et tenter Manosque. Je remonte \u00e0 Corbi\u00e8re et la Durance est g\u00e9n\u00e9reuse jusqu&rsquo;\u00e0 Manosque.<\/span><\/p>\n<p><span style=\"font-size: 14pt;\"><a href=\"https:\/\/www.rapacesdazur.fr\/eki\/B1vqJyD2eQdv5y_uldI77z6GYiQ.jpg\"><img loading=\"lazy\" decoding=\"async\" class=\"alignnone\" style=\"margin: 3px auto; display: block; clear: both;\" src=\"https:\/\/www.rapacesdazur.fr\/eki\/B1vqJyD2eQdv5y_uldI77z6GYiQ.jpg\" alt=\"S6004708.JPG\" width=\"500\" height=\"375\" \/><\/a><\/span><\/p>\n<p><span style=\"font-size: 14pt;\">Je suis juste en face de la piste de Vinon et dans l&rsquo;axe des d\u00e9collages&#8230;je me tire vite fait !<\/span><\/p>\n<p><span style=\"font-size: 14pt;\"><a href=\"https:\/\/www.rapacesdazur.fr\/eki\/_ZlAMc1C8F1YqKUJA8sN2r6MkDA.jpg\"><img loading=\"lazy\" decoding=\"async\" class=\"alignnone\" style=\"margin: 3px auto; display: block; clear: both;\" src=\"https:\/\/www.rapacesdazur.fr\/eki\/_ZlAMc1C8F1YqKUJA8sN2r6MkDA.jpg\" alt=\"S6004707.JPG\" width=\"500\" height=\"375\" \/><\/a><\/span><\/p>\n<p><span style=\"font-size: 14pt;\">Pour am\u00e9liorer le retour en stop, je traverse \u00e0 nouveau la Durance pour me poser entre Manosque et Vinon.<\/span><\/p>\n<p><span style=\"font-size: 14pt;\"><a href=\"https:\/\/www.rapacesdazur.fr\/eki\/MG2F4ZSLtUGvjjtGalATR_JTo08.jpg\"><img loading=\"lazy\" decoding=\"async\" class=\"alignnone\" style=\"margin: 3px auto; display: block; clear: both;\" src=\"https:\/\/www.rapacesdazur.fr\/eki\/MG2F4ZSLtUGvjjtGalATR_JTo08.jpg\" alt=\"S6004717.JPG\" width=\"500\" height=\"375\" \/><\/a><\/span><\/p>\n<p><span style=\"font-size: 14pt;\">De loin j&rsquo;aper\u00e7ois le petit ch\u00e2teau du Rousset que je vois d&rsquo;en dessous tous les week-end quand je monte \u00e0 Oraison, allez un d\u00e9tour, pour le voir du dessus !<\/span><\/p>\n<p><span style=\"font-size: 14pt;\"><a href=\"https:\/\/www.rapacesdazur.fr\/eki\/BwyEqK8Rrl6yixerIxINjJguka4.jpg\"><img loading=\"lazy\" decoding=\"async\" class=\"alignnone\" style=\"margin: 3px auto; display: block; clear: both;\" src=\"https:\/\/www.rapacesdazur.fr\/eki\/BwyEqK8Rrl6yixerIxINjJguka4.jpg\" alt=\"S6004719.JPG\" width=\"500\" height=\"375\" \/><\/a><\/span><\/p>\n<p><span style=\"font-size: 14pt;\">Je pose \u00e0 16h et le retour est une formalit\u00e9 en 2 voitures ! Je suis chez moi \u00e0 18h. Nickel pour le boulot.<\/span><\/p>\n<p><span style=\"font-size: 14pt;\">En passant \u00e0 Puis de Rians, je vois que la voiture de Lo\u00efc est descendue du col des portes, il n&rsquo;aura pas de mal lorsqu&rsquo;il rentrera de Forcalquier, o\u00f9 il a pos\u00e9.<\/span><\/p>\n<p><span style=\"font-size: 14pt;\">Les images et le son du vario :<\/span><\/p>\n<div style=\"text-align: center;\">\n<div>\n<div><span style=\"font-size: 14pt;\"><object data=\"http:\/\/www.youtube.com\/v\/9Pub6yv095c?hl=fr&amp;fs=1\" type=\"application\/x-shockwave-flash\" width=\"425\" height=\"344\"><param name=\"data\" value=\"http:\/\/www.youtube.com\/v\/9Pub6yv095c?hl=fr&amp;fs=1\" \/><param name=\"allowFullScreen\" value=\"true\" \/><param name=\"allowScriptAccess\" value=\"never\" \/><param name=\"src\" value=\"http:\/\/www.youtube.com\/v\/9Pub6yv095c?hl=fr&amp;fs=1\" \/><param name=\"allowfullscreen\" value=\"true\" \/><\/object><\/span><\/div>\n<\/div>\n<\/div>\n<p><span style=\"font-size: 14pt;\">Jolie journ\u00e9e, et vol sympa pour mon 1er d\u00e9part de la Sainte !<\/span><\/p>\n<\/div>\n<\/div>\n<\/div>\n","protected":false},"excerpt":{"rendered":"<p>Lundi 20 septembre je profite d&rsquo;un mouvement g\u00e9n\u00e9ral des Aixois pour monter faire mon 4 iem vol \u00e0&hellip;<\/p>\n","protected":false},"author":19,"featured_media":0,"comment_status":"open","ping_status":"open","sticky":false,"template":"","format":"standard","meta":{"footnotes":""},"categories":[31],"tags":[],"class_list":["post-756","post","type-post","status-publish","format-standard","hentry","category-vieclub"],"_links":{"self":[{"href":"https:\/\/www.rapacesdazur.fr\/index.php?rest_route=\/wp\/v2\/posts\/756","targetHints":{"allow":["GET"]}}],"collection":[{"href":"https:\/\/www.rapacesdazur.fr\/index.php?rest_route=\/wp\/v2\/posts"}],"about":[{"href":"https:\/\/www.rapacesdazur.fr\/index.php?rest_route=\/wp\/v2\/types\/post"}],"author":[{"embeddable":true,"href":"https:\/\/www.rapacesdazur.fr\/index.php?rest_route=\/wp\/v2\/users\/19"}],"replies":[{"embeddable":true,"href":"https:\/\/www.rapacesdazur.fr\/index.php?rest_route=%2Fwp%2Fv2%2Fcomments&post=756"}],"version-history":[{"count":2,"href":"https:\/\/www.rapacesdazur.fr\/index.php?rest_route=\/wp\/v2\/posts\/756\/revisions"}],"predecessor-version":[{"id":2091,"href":"https:\/\/www.rapacesdazur.fr\/index.php?rest_route=\/wp\/v2\/posts\/756\/revisions\/2091"}],"wp:attachment":[{"href":"https:\/\/www.rapacesdazur.fr\/index.php?rest_route=%2Fwp%2Fv2%2Fmedia&parent=756"}],"wp:term":[{"taxonomy":"category","embeddable":true,"href":"https:\/\/www.rapacesdazur.fr\/index.php?rest_route=%2Fwp%2Fv2%2Fcategories&post=756"},{"taxonomy":"post_tag","embeddable":true,"href":"https:\/\/www.rapacesdazur.fr\/index.php?rest_route=%2Fwp%2Fv2%2Ftags&post=756"}],"curies":[{"name":"wp","href":"https:\/\/api.w.org\/{rel}","templated":true}]}}