{"id":759,"date":"2015-03-07T12:28:57","date_gmt":"2015-03-07T12:28:57","guid":{"rendered":"https:\/\/www.rapacesdazur.fr\/2011\/01\/o-le-bo-mont-caume-a114940886"},"modified":"2015-03-07T12:28:57","modified_gmt":"2015-03-07T12:28:57","slug":"2011-01-o-le-bo-mont-caume-a114940886","status":"publish","type":"post","link":"https:\/\/www.rapacesdazur.fr\/?p=759","title":{"rendered":"\u00d4 le b\u00d4 mont Caume"},"content":{"rendered":"<div class=\"ob-sections\">\n<div\n    class=\"ob-section ob-section-html \"\n      ><\/p>\n<div class=\"ob-section ob-section-html\">\n<p> <span style=\"font-size: 14pt;\">Super journ\u00e9e au Caume today !<\/span> <\/p>\n<p> <span style=\"font-size: 14pt;\">&nbsp;<\/span> <\/p>\n<p> <span style=\"font-size: 14pt;\">En arrivant vers 12h30 d\u00e9j\u00e0 trois ailes en l&rsquo;air et bien haut !<\/span> <\/p>\n<p> <span style=\"font-size: 14pt;\">(Marc Pivin, Bruce et Patrick Robrespo). Yves m&rsquo;attend \u00e0 l&rsquo;atterro pour faire la navette et nous montons direct. Je suis tr\u00e8s impatient !! M\u00eame pas le temps de d\u00e9coler que Jacouille nous rejoint.<\/span> <\/p>\n<p> <span style=\"font-size: 14pt;\">&nbsp;<\/span> <\/p>\n<p> <span style=\"font-size: 14pt;\">Et c&rsquo;est parti pour un super vol, plaf \u00e0 1850 et doigts gel\u00e9s&#8230;<\/span> <\/p>\n<p> <span style=\"font-size: 14pt;\">&nbsp;<\/span> <\/p>\n<p> <span style=\"font-size: 14pt;\">Tentative de d\u00e9part sur Signes mais contr\u00e9s par du Nord&#8230; Retour et tentative vers la Cadi\u00e8re, contr\u00e9s par de l&rsquo;Ouest !<\/span> <\/p>\n<p> <span style=\"font-size: 14pt;\">&nbsp;<\/span> <\/p>\n<p> <span style=\"font-size: 14pt;\">Finalement Jacouille retourne se poser au Caume totalement gel\u00e9. Yves pose apr\u00e8s le Castellet et moi au Beausset. Tandis que Robrespo fait une boucle par le stade de Six-Fours et retour chez lui !<\/span> <\/p>\n<div>\n<div style=\"text-align: center;\">\n<div> <span style=\"font-size: 18pt;\"><object type=\"application\/x-shockwave-flash\" data=\"http:\/\/vimeo.com\/moogaloop.swf?clip_id=19100098&amp;server=vimeo.com&amp;show_title=1&amp;show_byline=1&amp;show_portrait=1&amp;color=00ADEF&amp;fullscreen=1&amp;autoplay=0&amp;loop=0\" height=\"225\" width=\"400\"><param name=\"data\" value=\"http:\/\/vimeo.com\/moogaloop.swf?clip_id=19100098&amp;server=vimeo.com&amp;show_title=1&amp;show_byline=1&amp;show_portrait=1&amp;color=00ADEF&amp;fullscreen=1&amp;autoplay=0&amp;loop=0\"><param name=\"allowfullscreen\" value=\"true\"><param name=\"allowScriptAccess\" value=\"never\"><param name=\"src\" value=\"http:\/\/vimeo.com\/moogaloop.swf?clip_id=19100098&amp;server=vimeo.com&amp;show_title=1&amp;show_byline=1&amp;show_portrait=1&amp;color=00ADEF&amp;fullscreen=1&amp;autoplay=0&amp;loop=0\"><\/param><\/param><\/param><\/param><\/object><\/span> <\/div>\n<\/p><\/div>\n<p> <span style=\"font-size: 18pt;\"><a href=\"http:\/\/vimeo.com\/19100098\">montcaume<\/a> from <a href=\"http:\/\/vimeo.com\/user2204256\">ksuxcle<\/a> on <a href=\"http:\/\/vimeo.com\">Vimeo<\/a>.<\/span> <\/p>\n<\/p><\/div>\n<p> &nbsp; <\/p>\n<\/div><\/div>\n<\/p><\/div>\n","protected":false},"excerpt":{"rendered":"<p>Super journ\u00e9e au Caume today ! &nbsp; En arrivant vers 12h30 d\u00e9j\u00e0 trois ailes en l&rsquo;air et bien&hellip;<\/p>\n","protected":false},"author":0,"featured_media":0,"comment_status":"open","ping_status":"open","sticky":false,"template":"","format":"standard","meta":{"footnotes":""},"categories":[31],"tags":[],"class_list":["post-759","post","type-post","status-publish","format-standard","hentry","category-vieclub"],"_links":{"self":[{"href":"https:\/\/www.rapacesdazur.fr\/index.php?rest_route=\/wp\/v2\/posts\/759","targetHints":{"allow":["GET"]}}],"collection":[{"href":"https:\/\/www.rapacesdazur.fr\/index.php?rest_route=\/wp\/v2\/posts"}],"about":[{"href":"https:\/\/www.rapacesdazur.fr\/index.php?rest_route=\/wp\/v2\/types\/post"}],"replies":[{"embeddable":true,"href":"https:\/\/www.rapacesdazur.fr\/index.php?rest_route=%2Fwp%2Fv2%2Fcomments&post=759"}],"version-history":[{"count":0,"href":"https:\/\/www.rapacesdazur.fr\/index.php?rest_route=\/wp\/v2\/posts\/759\/revisions"}],"wp:attachment":[{"href":"https:\/\/www.rapacesdazur.fr\/index.php?rest_route=%2Fwp%2Fv2%2Fmedia&parent=759"}],"wp:term":[{"taxonomy":"category","embeddable":true,"href":"https:\/\/www.rapacesdazur.fr\/index.php?rest_route=%2Fwp%2Fv2%2Fcategories&post=759"},{"taxonomy":"post_tag","embeddable":true,"href":"https:\/\/www.rapacesdazur.fr\/index.php?rest_route=%2Fwp%2Fv2%2Ftags&post=759"}],"curies":[{"name":"wp","href":"https:\/\/api.w.org\/{rel}","templated":true}]}}