{"id":766,"date":"2015-03-07T12:28:55","date_gmt":"2015-03-07T12:28:55","guid":{"rendered":"https:\/\/www.rapacesdazur.fr\/2012\/06\/la-cadiere-en-duo-a114940872"},"modified":"2015-03-07T12:28:55","modified_gmt":"2015-03-07T12:28:55","slug":"2012-06-la-cadiere-en-duo-a114940872","status":"publish","type":"post","link":"https:\/\/www.rapacesdazur.fr\/?p=766","title":{"rendered":"La Cadi\u00e8re en duo"},"content":{"rendered":"<div class=\"ob-sections\">\n<div\n    class=\"ob-section ob-section-html \"\n      ><\/p>\n<div class=\"ob-section ob-section-html\">\n<p> <span style=\"font-size: 14pt;\">On devait \u00eatre plus nombreux mais , les forces \u00ab\u00a0vives\u00a0\u00bb du club ayant d\u00e9cid\u00e9 d&rsquo;aller au s\u00e9maphore avant de passer au cube, nous nous retrouvons \u00e0 deux avec Marco.<\/span> <\/p>\n<p> <a class=\"nopopup\" href=\"https:\/\/www.rapacesdazur.fr\/eki\/uw20eUX_sRAdWFQ8oVgaQC5Erl4.jpg\"><img loading=\"lazy\" decoding=\"async\" src=\"https:\/\/www.rapacesdazur.fr\/eki\/iTJFLg1YyuGwKDzBLbkZOrAAE44.jpg\" style=\"margin:3px auto; display:block; clear:both;\" alt=\"vlcsnap-2012-06-14-17h49m46s211.png\" height=\"281\" width=\"500\"><\/img><\/a><span style=\"font-size: 14pt;\">Marco d\u00e9plie sa nouvelle machine et 1er cube aujourd&rsquo;hui pour l&rsquo;ARTIK3 !<\/span> <\/p>\n<p> <a class=\"nopopup\" href=\"https:\/\/www.rapacesdazur.fr\/eki\/fUICRG_w1H69ujTpEWEjnebcysw.jpg\"><img loading=\"lazy\" decoding=\"async\" src=\"https:\/\/www.rapacesdazur.fr\/eki\/kzE-T0GTNYPEXXr43vOZRZwUfk0.jpg\" style=\"margin:3px auto; display:block; clear:both;\" alt=\"vlcsnap-2012-06-14-17h56m29s117.png\" height=\"281\" width=\"500\"><\/img><\/a><span style=\"font-size: 14pt;\">Nous filons au bout de la cr\u00eate, bien que ce soit tendance Sud et nous trouvons un p\u00e9tard que nous enroulons jusqu&rsquo;au plaf.<\/span> <\/p>\n<p> <a class=\"nopopup\" href=\"https:\/\/www.rapacesdazur.fr\/eki\/-SOFCbXlY_EP-9jyBNalXnMIHA0.jpg\"><img loading=\"lazy\" decoding=\"async\" src=\"https:\/\/www.rapacesdazur.fr\/eki\/vmOhOT1YYPSTW3odLB4WR8z3i9k.jpg\" style=\"margin:3px auto; display:block; clear:both;\" alt=\"vlcsnap-2012-06-14-17h57m15s81.png\" height=\"281\" width=\"500\"><\/img><\/a><span style=\"font-size: 14pt;\">511m alors que l&rsquo;\u00e9magramme donnait 500 ! Joli ! Nous filons vers le village de la Cadi\u00e8re, sans rien trouver,<\/span> <\/p>\n<p> <span style=\"font-size: 14pt;\"><a class=\"nopopup\" href=\"https:\/\/www.rapacesdazur.fr\/eki\/kGzXO9cAA1_RJ-zD0pNv8ZfHgUM.jpg\"><img loading=\"lazy\" decoding=\"async\" src=\"https:\/\/www.rapacesdazur.fr\/eki\/AF-MzEf2xBzTck-NV50rtX4dg1U.jpg\" style=\"margin:3px auto; display:block; clear:both;\" alt=\"vlcsnap-2012-06-14-18h25m58s172.png\" height=\"281\" width=\"500\"><\/img><\/a><br \/><\/span> <\/p>\n<p> <span style=\"font-size: 14pt;\">puis traversons l&rsquo;autoroute pour aller sur le Castellet, o\u00f9 il n&rsquo;y a rien non plus! Damned pos\u00e9s ! retour en stop et nous red\u00e9collons pour tenter la chance une seconde fois.<\/span> <\/p>\n<p> <a class=\"nopopup\" href=\"https:\/\/www.rapacesdazur.fr\/eki\/5CHfXenAgBCDE063Dg4KTcVvypc.jpg\"><img loading=\"lazy\" decoding=\"async\" src=\"https:\/\/www.rapacesdazur.fr\/eki\/X2DAH94yceupE71oCHgmyG4lYow.jpg\" style=\"margin:3px auto; display:block; clear:both;\" alt=\"vlcsnap-2012-06-14-17h56m13s224.png\" height=\"281\" width=\"500\"><\/img><\/a><span style=\"font-size: 14pt;\">Nous arrivons au bout de la cr\u00eate o\u00f9 le vent arrive de partout, et \u00e7a danse un poil ! Petit p\u00e9tard enroul\u00e9 pour moi jusqu&rsquo;\u00e0 450 ! Marco ne parvient pas \u00e0 le prendre et pose au pied du site. Je file vers la plaine du Castellet&#8230;<\/span> <\/p>\n<p> <a class=\"nopopup\" href=\"https:\/\/www.rapacesdazur.fr\/eki\/K3qZVf8OkUcOe3ADWHmw3FXIIsk.jpg\"><img loading=\"lazy\" decoding=\"async\" src=\"https:\/\/www.rapacesdazur.fr\/eki\/vt37tsSDkCww5-Hjwsi3ZF4sR2Y.jpg\" style=\"margin:3px auto; display:block; clear:both;\" alt=\"vlcsnap-2012-06-14-17h57m26s209.png\" height=\"281\" width=\"500\"><\/img><\/a><span style=\"font-size: 14pt;\">La plaine est \u00ab\u00a0incroyablement inerte\u00a0\u00bb et je la traverse sans que le vario ne bipe une seule fois ! Je choisi mon terrain, \u00e0 proximit\u00e9 d&rsquo;une piscine et Marco me r\u00e9cup\u00e8re ! Sympa !<\/span> <\/p>\n<p> <a class=\"nopopup\" href=\"https:\/\/www.rapacesdazur.fr\/eki\/cR8Kysob2tP47Ga-8eGCNQ5t6dc.jpg\"><img loading=\"lazy\" decoding=\"async\" src=\"https:\/\/www.rapacesdazur.fr\/eki\/hwm4g7rVd2azzACxwCZQ4gVQPqQ.jpg\" style=\"margin:3px auto; display:block; clear:both;\" alt=\"vlcsnap-2012-06-14-17h58m16s193.png\" height=\"281\" width=\"500\"><\/img><\/a> <\/p>\n<p> <span style=\"font-size: 14pt;\">Au s\u00e9maphore le Glaude s&rsquo;est mis en l&rsquo;air et \u00e0 pos\u00e9 de suite dans les k\u00e9k\u00e9s, puis dans l&rsquo;apr\u00e8s midi, le vent est rentr\u00e9 sud, bien travers gauche ! Damned&#8230;<\/span> <\/p>\n<\/div><\/div>\n<\/p><\/div>\n","protected":false},"excerpt":{"rendered":"<p>On devait \u00eatre plus nombreux mais , les forces \u00ab\u00a0vives\u00a0\u00bb du club ayant d\u00e9cid\u00e9 d&rsquo;aller au s\u00e9maphore avant&hellip;<\/p>\n","protected":false},"author":0,"featured_media":0,"comment_status":"open","ping_status":"open","sticky":false,"template":"","format":"standard","meta":{"footnotes":""},"categories":[31],"tags":[],"class_list":["post-766","post","type-post","status-publish","format-standard","hentry","category-vieclub"],"_links":{"self":[{"href":"https:\/\/www.rapacesdazur.fr\/index.php?rest_route=\/wp\/v2\/posts\/766","targetHints":{"allow":["GET"]}}],"collection":[{"href":"https:\/\/www.rapacesdazur.fr\/index.php?rest_route=\/wp\/v2\/posts"}],"about":[{"href":"https:\/\/www.rapacesdazur.fr\/index.php?rest_route=\/wp\/v2\/types\/post"}],"replies":[{"embeddable":true,"href":"https:\/\/www.rapacesdazur.fr\/index.php?rest_route=%2Fwp%2Fv2%2Fcomments&post=766"}],"version-history":[{"count":0,"href":"https:\/\/www.rapacesdazur.fr\/index.php?rest_route=\/wp\/v2\/posts\/766\/revisions"}],"wp:attachment":[{"href":"https:\/\/www.rapacesdazur.fr\/index.php?rest_route=%2Fwp%2Fv2%2Fmedia&parent=766"}],"wp:term":[{"taxonomy":"category","embeddable":true,"href":"https:\/\/www.rapacesdazur.fr\/index.php?rest_route=%2Fwp%2Fv2%2Fcategories&post=766"},{"taxonomy":"post_tag","embeddable":true,"href":"https:\/\/www.rapacesdazur.fr\/index.php?rest_route=%2Fwp%2Fv2%2Ftags&post=766"}],"curies":[{"name":"wp","href":"https:\/\/api.w.org\/{rel}","templated":true}]}}