{"id":767,"date":"2015-03-07T12:29:04","date_gmt":"2015-03-07T12:29:04","guid":{"rendered":"https:\/\/www.rapacesdazur.fr\/2012\/06\/mercredi-jour-des-vautours-a114940936"},"modified":"2015-03-07T12:29:04","modified_gmt":"2015-03-07T12:29:04","slug":"2012-06-mercredi-jour-des-vautours-a114940936","status":"publish","type":"post","link":"https:\/\/www.rapacesdazur.fr\/?p=767","title":{"rendered":"Mercredi, jour des&#8230;Vautours !"},"content":{"rendered":"<div class=\"ob-sections\">\n<div\n    class=\"ob-section ob-section-html \"\n      ><\/p>\n<div class=\"ob-section ob-section-html\">\n<p> <span style=\"font-size: 14pt;\">Pas de volontaires de dispo, \u00e0 part Marco mais qui va travailler tard et qui risque de ne pas voler . Tant pis je tente Cuges en Sud-Ouest avec mont\u00e9e \u00e0 pieds ! Profitant d&rsquo;une temp\u00e9rature cl\u00e9mente , seulement 36\u00b0&#8230;j&rsquo;escaladais la colline pour arriver, 3\/4 d&rsquo;heure plus tard, un poil d\u00e9compos\u00e9 &#8230;!<\/span> <\/p>\n<p> <a class=\"nopopup\" href=\"https:\/\/www.rapacesdazur.fr\/eki\/8S2tMTTzbIBF2hK7ntPcQPn0f9E\"><img loading=\"lazy\" decoding=\"async\" src=\"https:\/\/www.rapacesdazur.fr\/eki\/hkR1v0qGmp1t20CL758C3HqjQEs.jpg\" style=\"margin:3px auto; display:block; clear:both;\" alt=\"acces-deco.JPG\" height=\"337\" width=\"600\"><\/img><\/a><span style=\"font-size: 14pt;\">Acc\u00e8s en venant de G\u00e9menos, au bout de la ligne droite en entrant dans Cuges juste apr\u00e8s la boulangerie tournez \u00e0 gauche puis encore \u00e0 gauche et suivez la route jusqu&rsquo;\u00e0 la piste DFCI \u00a0\u00bb piste de la Safrani\u00e8re\u00a0\u00bb&nbsp; Garez vous et&nbsp; le sentier est juste devant vous (large pour une voiture) Au bout de 150m il se s\u00e9pare en deux, tournez \u00e0 droite (il est toujours large) et continuez jusqu&rsquo;\u00e0 la piste carrosable puis \u00e0 gauche on voit le d\u00e9co.<\/span> <\/p>\n<p> <span style=\"font-size: 14pt;\"><a class=\"nopopup\" href=\"https:\/\/www.rapacesdazur.fr\/eki\/CliqR6Z2guM5cL2iWf7kZN1mWt4.jpg\"><img loading=\"lazy\" decoding=\"async\" src=\"https:\/\/www.rapacesdazur.fr\/eki\/KLWaJJiwZG6HGjKt1vMXKV4WB_k.jpg\" style=\"float:right; margin:3px;\" alt=\"montee-safraniere.JPG\" height=\"63\" width=\"100\"><\/img><\/a>&nbsp;&nbsp;&nbsp;&nbsp;&nbsp;&nbsp;&nbsp;&nbsp;&nbsp;&nbsp;&nbsp;&nbsp;&nbsp;&nbsp;&nbsp;&nbsp;&nbsp;&nbsp;&nbsp;&nbsp;&nbsp; Sur le plan ci-contre suivre l&rsquo;itin\u00e9raire jaune &#8212;&#8212;&#8212;&gt;<br \/><\/span> <\/p>\n<p> <span style=\"font-size: 14pt;\">Apr\u00e8s un repos, bien m\u00e9rit\u00e9, je d\u00e9colle \u00e0 16h, l\u00e9g\u00e8rement tendu car, \u00e0 cette heure \u00e7a doit \u00eatre atomique. Je suis soulev\u00e9 par un 5m\/s d\u00e9s le d\u00e9co et j&rsquo;enroule jusqu&rsquo;\u00e0 800 ! Un peu de promenade pour reprendre un 5,5 qui me hisse \u00e0 1265 en compagnie de deux vautours fauve ! EXTASE !<\/span> <\/p>\n<p> <a class=\"nopopup\" href=\"https:\/\/www.rapacesdazur.fr\/eki\/nuhdH8FAEbe0D0Fly65lnv9ewWQ.jpg\"><img loading=\"lazy\" decoding=\"async\" src=\"https:\/\/www.rapacesdazur.fr\/eki\/CmsbZKuMtmk2DDrGG9d4pA52tXY.jpg\" style=\"margin:3px auto; display:block; clear:both;\" alt=\"vlcsnap-2012-06-27-18h19m30s244.png\" height=\"337\" width=\"600\"><\/img><\/a><span style=\"font-size: 14pt;\">La vue est splendide avec la face Nord de la st Baume d\u00e9coup\u00e9e, et l&rsquo;envie de partir est grande ! Mais nous en sommes encore \u00e0 la d\u00e9couverte du site alors je vais aller me promener vers l&rsquo;Est!<\/span> <\/p>\n<p> <a class=\"nopopup\" href=\"https:\/\/www.rapacesdazur.fr\/eki\/qL4SlsW9jn0DIwgUZcToHpOeHZc.jpg\"><img loading=\"lazy\" decoding=\"async\" src=\"https:\/\/www.rapacesdazur.fr\/eki\/tFPOuUeqp032zLJxywNp6meKNSE.jpg\" style=\"margin:3px auto; display:block; clear:both;\" alt=\"vlcsnap-2012-06-27-18h21m18s44.png\" height=\"337\" width=\"600\"><\/img><\/a><span style=\"font-size: 14pt;\">Au loin on voit le circuit du Castellet et \u00e0 Signes la balise donne 30 de vent d&rsquo;est&#8230;<\/span> <\/p>\n<p> <span style=\"font-size: 14pt;\"><a class=\"nopopup\" href=\"https:\/\/www.rapacesdazur.fr\/eki\/X1ojK5sMDa8qhzQkiCuxTkmhuNg.jpg\"><img loading=\"lazy\" decoding=\"async\" src=\"https:\/\/www.rapacesdazur.fr\/eki\/ab_Un7rR0PtCXdrTthS8_8wog6k.jpg\" style=\"margin:3px auto; display:block; clear:both;\" alt=\"vlcsnap-2012-06-27-18h21m03s151.png\" height=\"337\" width=\"600\"><\/img><\/a>Plus bas Cuges est \u00e9cras\u00e9 par une chaleur torride, sur cette photo on voit bien le d\u00e9co&#8230;<\/span> <\/p>\n<p> <span style=\"font-size: 14pt;\"><a class=\"nopopup\" href=\"https:\/\/www.rapacesdazur.fr\/eki\/AKyhG3zFeMWbp2EJy2lVq-L24e4.jpg\"><img loading=\"lazy\" decoding=\"async\" src=\"https:\/\/www.rapacesdazur.fr\/eki\/O4UekvXB-ss231itPmmg4aj2M7o.jpg\" style=\"margin:3px auto; display:block; clear:both;\" alt=\"vlcsnap-2012-06-27-18h20m20s230.png\" height=\"337\" width=\"600\"><\/img><\/a>Au loin vers le Sud , baie de st Cyr noy\u00e9e dans la brume !<\/span> <\/p>\n<p> <span style=\"font-size: 14pt;\"><a class=\"nopopup\" href=\"https:\/\/www.rapacesdazur.fr\/eki\/l_7z1aitqFNj9JDuZEWVQjpNL48.jpg\"><img loading=\"lazy\" decoding=\"async\" src=\"https:\/\/www.rapacesdazur.fr\/eki\/6cn_rQXr2vhaACbmHQkn_VcKJ6Y.jpg\" style=\"margin:3px auto; display:block; clear:both;\" alt=\"vlcsnap-2012-06-27-18h22m30s248.png\" height=\"337\" width=\"600\"><\/img><\/a>J&rsquo;arrive \u00e0 900 au dessus du d\u00e9co Sud-Est du col de l&rsquo;ange&#8230;<\/span> <\/p>\n<p> <span style=\"font-size: 14pt;\"><a class=\"nopopup\" href=\"https:\/\/www.rapacesdazur.fr\/eki\/qcZNj5ubRcQazfoF0QcEr-CIvAg.jpg\"><img loading=\"lazy\" decoding=\"async\" src=\"https:\/\/www.rapacesdazur.fr\/eki\/NxtnfSGI6xXkDLB7MOpfwZPiIzk.jpg\" style=\"margin:3px auto; display:block; clear:both;\" alt=\"vlcsnap-2012-06-27-18h23m40s206.png\" height=\"337\" width=\"600\"><\/img><\/a>Retour vers le village de Cuges avec au fond \u00e0 gauche, le d\u00e9co, tache dans la for\u00eat !<\/span> <\/p>\n<p> <span style=\"font-size: 14pt;\"><a class=\"nopopup\" href=\"https:\/\/www.rapacesdazur.fr\/eki\/vugXmSlUy1kQ_NAawRWhQlywiDk.jpg\"><img loading=\"lazy\" decoding=\"async\" src=\"https:\/\/www.rapacesdazur.fr\/eki\/8oeZiuYQeciD-lzK4SVsKL6vrho.jpg\" style=\"margin:3px auto; display:block; clear:both;\" alt=\"vlcsnap-2012-06-27-18h24m01s134.png\" height=\"337\" width=\"600\"><\/img><\/a>Je pose \u00e0 c\u00f4t\u00e9 des \u00ab\u00a0caravanes\u00a0\u00bb des gens du voyage et suis accueillis par une petit gamin de 12 ans qui r\u00eave de voler ! Je discute une bonne demie-heure avec lui et lui recommande de voir J.C le samedi pour qu&rsquo;il l&rsquo;enm\u00e8ne&#8230;samedi il sera au d\u00e9but de la piste avec des \u00ab\u00a0baskets\u00a0\u00bb !<\/span> <\/p>\n<p> <span style=\"font-size: 14pt;\"><br \/><\/span> <\/p>\n<\/div><\/div>\n<\/p><\/div>\n","protected":false},"excerpt":{"rendered":"<p>Pas de volontaires de dispo, \u00e0 part Marco mais qui va travailler tard et qui risque de ne&hellip;<\/p>\n","protected":false},"author":0,"featured_media":0,"comment_status":"open","ping_status":"open","sticky":false,"template":"","format":"standard","meta":{"footnotes":""},"categories":[31],"tags":[],"class_list":["post-767","post","type-post","status-publish","format-standard","hentry","category-vieclub"],"_links":{"self":[{"href":"https:\/\/www.rapacesdazur.fr\/index.php?rest_route=\/wp\/v2\/posts\/767","targetHints":{"allow":["GET"]}}],"collection":[{"href":"https:\/\/www.rapacesdazur.fr\/index.php?rest_route=\/wp\/v2\/posts"}],"about":[{"href":"https:\/\/www.rapacesdazur.fr\/index.php?rest_route=\/wp\/v2\/types\/post"}],"replies":[{"embeddable":true,"href":"https:\/\/www.rapacesdazur.fr\/index.php?rest_route=%2Fwp%2Fv2%2Fcomments&post=767"}],"version-history":[{"count":0,"href":"https:\/\/www.rapacesdazur.fr\/index.php?rest_route=\/wp\/v2\/posts\/767\/revisions"}],"wp:attachment":[{"href":"https:\/\/www.rapacesdazur.fr\/index.php?rest_route=%2Fwp%2Fv2%2Fmedia&parent=767"}],"wp:term":[{"taxonomy":"category","embeddable":true,"href":"https:\/\/www.rapacesdazur.fr\/index.php?rest_route=%2Fwp%2Fv2%2Fcategories&post=767"},{"taxonomy":"post_tag","embeddable":true,"href":"https:\/\/www.rapacesdazur.fr\/index.php?rest_route=%2Fwp%2Fv2%2Ftags&post=767"}],"curies":[{"name":"wp","href":"https:\/\/api.w.org\/{rel}","templated":true}]}}