{"id":770,"date":"2015-03-07T12:28:53","date_gmt":"2015-03-07T12:28:53","guid":{"rendered":"https:\/\/www.rapacesdazur.fr\/2012\/08\/lundi-13-aout-a114940864"},"modified":"2015-03-07T12:28:53","modified_gmt":"2015-03-07T12:28:53","slug":"2012-08-lundi-13-aout-a114940864","status":"publish","type":"post","link":"https:\/\/www.rapacesdazur.fr\/?p=770","title":{"rendered":"Lundi 13 Ao\u00fbt"},"content":{"rendered":"<div class=\"ob-sections\">\n<div\n    class=\"ob-section ob-section-html \"\n      ><\/p>\n<div class=\"ob-section ob-section-html\">\n<p> <span style=\"font-size: 14pt;\">D\u00e9part de cross collectif avec Guillaume, Husky, Marcus, Fran\u00e7ois David , un pilote de Gourdon et moi-m\u00eame! Apr\u00e8s un superbe ratage de navette \u00e0 Signes, nous d\u00e9barquions \u00e0 Tazie pour esp\u00e8rer aller loing! Guillaume fait le fusible et pose au bout de quelques minutes. Nous pensions qu&rsquo;il allait remonter vu son physique athl\u00e9tique et sa vitalit\u00e9, mais non! Nous d\u00e9collons avec Clem et le thermique est l\u00e0 \u00e0 droite du d\u00e9co! je ne le l\u00e2che pas et monte \u00e0 1450 !<\/span> <\/p>\n<p> <span style=\"font-size: 14pt;\"><a class=\"nopopup\" href=\"https:\/\/www.rapacesdazur.fr\/eki\/eM-ZOjAA0z5vz-QoQxYYDHHSfkE.jpg\"><img loading=\"lazy\" decoding=\"async\" src=\"https:\/\/www.rapacesdazur.fr\/eki\/U4aHKAY_LN7Jz3kPEdDoSakk3TE.jpg\" style=\"margin:3px auto; display:block; clear:both;\" alt=\"vlcsnap-2012-08-13-18h29m24s49.png\" height=\"337\" width=\"600\"><\/img><\/a>Je d\u00e9rive dans une brise quasi nule ! il n&rsquo;y a pas de vent en altitude, et fonce vers Brignoles.<\/span> <\/p>\n<p> <span style=\"font-size: 14pt;\"><a class=\"nopopup\" href=\"https:\/\/www.rapacesdazur.fr\/eki\/z8fHTwK_GyOL3N_MJd1qtqbOhqY.jpg\"><img loading=\"lazy\" decoding=\"async\" src=\"https:\/\/www.rapacesdazur.fr\/eki\/2fntUrkOtCL9CK1E-bTi2csVITM.jpg\" style=\"margin:3px auto; display:block; clear:both;\" alt=\"vlcsnap-2012-08-13-18h30m33s228.png\" height=\"337\" width=\"600\"><\/img><\/a>Nos chemins se s\u00e9parent, et on arrive \u00e0 se voir de loin ! Clem est partis vers Carc\u00e9s, avec le pilote de Gourdon, mais tout est dans l&rsquo;ombre l\u00e0-bas malgr\u00e9s une rue de cum.<\/span> <\/p>\n<p> <span style=\"font-size: 14pt;\"><a class=\"nopopup\" href=\"https:\/\/www.rapacesdazur.fr\/eki\/nPccx3_bZJQbeGbG76gNKrthaMw.jpg\"><img loading=\"lazy\" decoding=\"async\" src=\"https:\/\/www.rapacesdazur.fr\/eki\/typzQ5esD1OlYgwGDYJXYDEw9MA.jpg\" style=\"margin:3px auto; display:block; clear:both;\" alt=\"vlcsnap-2012-08-13-18h31m17s153.png\" height=\"337\" width=\"600\"><\/img><\/a>Je d\u00e9cide de continuer vers le Nord, vers Montfort !<\/span> <\/p>\n<p> <span style=\"font-size: 14pt;\"><a class=\"nopopup\" href=\"https:\/\/www.rapacesdazur.fr\/eki\/fmefgRdOYY1ubt3RPQ0QJh_aQMI.jpg\"><img loading=\"lazy\" decoding=\"async\" src=\"https:\/\/www.rapacesdazur.fr\/eki\/YuiOsV3RbBkrRnHM_CyeFG1od08.jpg\" style=\"margin:3px auto; display:block; clear:both;\" alt=\"vlcsnap-2012-08-13-18h32m02s93.png\" height=\"337\" width=\"600\"><\/img><\/a>Marcus me rejoint, remonte puis file vers la Mantra du Gourdonnais, je continue ma route, en ayant un peu froid et arrive sur Cotignac!<\/span> <\/p>\n<p> <span style=\"font-size: 14pt;\"><a class=\"nopopup\" href=\"https:\/\/www.rapacesdazur.fr\/eki\/tiVyOMMFWRArDKQmK4nnUtBG_LQ.jpg\"><img loading=\"lazy\" decoding=\"async\" src=\"https:\/\/www.rapacesdazur.fr\/eki\/zI6fXpPXFXS270Y8nnCRCmRkOGA.jpg\" style=\"margin:3px auto; display:block; clear:both;\" alt=\"vlcsnap-2012-08-13-18h32m28s98.png\" height=\"337\" width=\"600\"><\/img><\/a>Je sens que mon vol va s&rsquo;arr\u00e9ter l\u00e0 et je regarde Marcus remonter vers les Bessillons ! Attention jusqu&rsquo;\u00e0 Aups, le plaf est limit\u00e9 \u00e0 1675m !<\/span> <\/p>\n<p> <span style=\"font-size: 14pt;\">Atterro \u00e0 la sortie de Cotignac, o\u00f9 je suis pris en stop par deux cousins, qui n&rsquo;h\u00e9sitent pas \u00e0 s&rsquo;arr\u00eater \u00e0 Montfort pour prendre Fran\u00e7ois qui ne tendait pas encore le pouce.<\/span> <\/p>\n<p> <span style=\"font-size: 14pt;\">Retour express, jusqu&rsquo;\u00e0 Tazie o\u00f9 nous chargeons Clem qui revient de Carc\u00e9s! Au loin j&rsquo;entendais Marcus qui criait \u00a0\u00bb je vois le lac&#8230;\u00a0\u00bb finalement il pose \u00e0 Montmeyan.<\/span> <\/p>\n<p> <span style=\"font-size: 14pt;\">Pour vous montrer que le d\u00e9part n&rsquo;\u00e9tait pas si facile voici la trace de Clem&#8230;qui en \u00e0 chi\u00e9 et qui tricote, qui tricote&#8230;<\/span> <\/p>\n<p> <span style=\"font-size: 14pt;\"><a class=\"nopopup\" href=\"https:\/\/www.rapacesdazur.fr\/eki\/87KhY4nEHr6CYCcik59YrcjXMFc.jpg\"><img loading=\"lazy\" decoding=\"async\" src=\"https:\/\/www.rapacesdazur.fr\/eki\/87KhY4nEHr6CYCcik59YrcjXMFc.jpg\" style=\"margin:3px auto; display:block; clear:both;\" alt=\"trace-Clem.JPG\" height=\"490\" width=\"467\"><\/img><\/a><br \/><\/span> <\/p>\n<\/div><\/div>\n<\/p><\/div>\n","protected":false},"excerpt":{"rendered":"<p>D\u00e9part de cross collectif avec Guillaume, Husky, Marcus, Fran\u00e7ois David , un pilote de Gourdon et moi-m\u00eame! Apr\u00e8s&hellip;<\/p>\n","protected":false},"author":0,"featured_media":0,"comment_status":"open","ping_status":"open","sticky":false,"template":"","format":"standard","meta":{"footnotes":""},"categories":[31],"tags":[],"class_list":["post-770","post","type-post","status-publish","format-standard","hentry","category-vieclub"],"_links":{"self":[{"href":"https:\/\/www.rapacesdazur.fr\/index.php?rest_route=\/wp\/v2\/posts\/770","targetHints":{"allow":["GET"]}}],"collection":[{"href":"https:\/\/www.rapacesdazur.fr\/index.php?rest_route=\/wp\/v2\/posts"}],"about":[{"href":"https:\/\/www.rapacesdazur.fr\/index.php?rest_route=\/wp\/v2\/types\/post"}],"replies":[{"embeddable":true,"href":"https:\/\/www.rapacesdazur.fr\/index.php?rest_route=%2Fwp%2Fv2%2Fcomments&post=770"}],"version-history":[{"count":0,"href":"https:\/\/www.rapacesdazur.fr\/index.php?rest_route=\/wp\/v2\/posts\/770\/revisions"}],"wp:attachment":[{"href":"https:\/\/www.rapacesdazur.fr\/index.php?rest_route=%2Fwp%2Fv2%2Fmedia&parent=770"}],"wp:term":[{"taxonomy":"category","embeddable":true,"href":"https:\/\/www.rapacesdazur.fr\/index.php?rest_route=%2Fwp%2Fv2%2Fcategories&post=770"},{"taxonomy":"post_tag","embeddable":true,"href":"https:\/\/www.rapacesdazur.fr\/index.php?rest_route=%2Fwp%2Fv2%2Ftags&post=770"}],"curies":[{"name":"wp","href":"https:\/\/api.w.org\/{rel}","templated":true}]}}