{"id":778,"date":"2015-03-07T12:28:51","date_gmt":"2015-03-07T12:28:51","guid":{"rendered":"https:\/\/www.rapacesdazur.fr\/2013\/06\/et-de-l-autre-cote-a114940850"},"modified":"2015-03-07T12:28:51","modified_gmt":"2015-03-07T12:28:51","slug":"2013-06-et-de-l-autre-cote-a114940850","status":"publish","type":"post","link":"https:\/\/www.rapacesdazur.fr\/?p=778","title":{"rendered":"Et de l&rsquo;autre c\u00f4t\u00e9 ?"},"content":{"rendered":"<div class=\"ob-sections\">\n<div\n    class=\"ob-section ob-section-html \"\n      ><\/p>\n<div class=\"ob-section ob-section-html\">\n<p> <span style=\"font-size: 14pt;\">Marco nous fait part de sa derni\u00e8re promenade lors du passage de la St Baume lundi, avec des photos qui vous montrent ce qu&rsquo;il y a derri\u00e8re cette formidable montagne.<\/span> <\/p>\n<p> <span style=\"font-size: 14pt;\">Cuges-Pourri\u00e8res by Marco.<\/span> <\/p>\n<p> &nbsp; <span style=\"font-size: 14pt;\">le cunimb entrain de se vider au niveau de St Maximin<\/span> <\/p>\n<p> <a class=\"nopopup\" href=\"https:\/\/www.rapacesdazur.fr\/eki\/3upcrZje8H42UXE8AnLLaptUQwM.jpg\"><img loading=\"lazy\" decoding=\"async\" src=\"https:\/\/www.rapacesdazur.fr\/eki\/HR0Li1nppgZvSjfa2yOyvNd4CbM.jpg\" style=\"margin:3px auto; display:block; clear:both;\" alt=\"vlcsnap-00007\" width=\"500\" height=\"281\"><\/img><\/a><br \/> &nbsp; <span style=\"font-size: 14pt;\">Pourri\u00e8res droit devant.<\/span> <\/p>\n<p> <a class=\"nopopup\" href=\"https:\/\/www.rapacesdazur.fr\/eki\/H0PivxHI3T2lbrcsrkuXgVKuIvY.jpg\"><img loading=\"lazy\" decoding=\"async\" src=\"https:\/\/www.rapacesdazur.fr\/eki\/uN5ojbjDYB22ejQRdo5umCw8OoI.jpg\" style=\"margin:3px auto; display:block; clear:both;\" alt=\"vlcsnap-00011.JPG\" width=\"500\" height=\"281\"><\/img><\/a><br \/> &nbsp; <span style=\"font-size: 14pt;\">Saint Zacharie<\/span> <\/p>\n<p> <span style=\"font-size: 14pt;\">&nbsp;<\/span><a class=\"nopopup\" href=\"https:\/\/www.rapacesdazur.fr\/eki\/nybpLNklr4QJBvZVtW7gtfrOcBI.jpg\"><img loading=\"lazy\" decoding=\"async\" src=\"https:\/\/www.rapacesdazur.fr\/eki\/tTgsh8KaDIFu19fLAlk3ZCnzvQ0.jpg\" style=\"margin:3px auto; display:block; clear:both;\" alt=\"vlcsnap-00012.JPG\" width=\"500\" height=\"281\"><\/img><\/a><br \/> &nbsp; <span style=\"font-size: 14pt;\">le cunimb qui \u00e9tait + ou &#8211; \u00e0 25km de moi et qui semble \u00eatre \u00e0 c\u00f4t\u00e9 tellement il \u00e9tait gros !<br \/><\/span> <\/p>\n<p> <a class=\"nopopup\" href=\"https:\/\/www.rapacesdazur.fr\/eki\/vKdibB-Z4Hc94zOI3K8FCQ9uP1Y.jpg\"><img loading=\"lazy\" decoding=\"async\" src=\"https:\/\/www.rapacesdazur.fr\/eki\/YIHq-2ixX81bL9PGDb8w58oeg0Q.jpg\" style=\"margin:3px auto; display:block; clear:both;\" alt=\"vlcsnap-00013\" width=\"500\" height=\"281\"><\/img><\/a><br \/> &nbsp; <span style=\"font-size: 14pt;\">la boule<\/span> <\/p>\n<p> <a class=\"nopopup\" href=\"https:\/\/www.rapacesdazur.fr\/eki\/z8tpnHkpK3ni-d_2xXfSRttSyFI.jpg\"><img loading=\"lazy\" decoding=\"async\" src=\"https:\/\/www.rapacesdazur.fr\/eki\/yXINowvmg71rWcY4uFpajLUzkDY.jpg\" style=\"margin:3px auto; display:block; clear:both;\" alt=\"vlcsnap-00017.JPG\" width=\"500\" height=\"281\"><\/img><\/a><br \/> &nbsp; <span style=\"font-size: 14pt;\">Cuges avec l&rsquo;a\u00e9roport du castellet<\/span> <\/p>\n<p> <span style=\"font-size: 14pt;\"><a class=\"nopopup\" href=\"https:\/\/www.rapacesdazur.fr\/eki\/T0GSOeYIw0TkrbO5priQtj3Tcdo.jpg\"><img loading=\"lazy\" decoding=\"async\" src=\"https:\/\/www.rapacesdazur.fr\/eki\/S9vq75fj2gh7t0ejXX0qT8LJC6I.jpg\" style=\"margin:3px auto; display:block; clear:both;\" alt=\"vlcsnap-00018.JPG\" width=\"500\" height=\"281\"><\/img><\/a>Aller les gars ! FEU !<br \/><\/span> <\/p>\n<\/div><\/div>\n<\/p><\/div>\n","protected":false},"excerpt":{"rendered":"<p>Marco nous fait part de sa derni\u00e8re promenade lors du passage de la St Baume lundi, avec des&hellip;<\/p>\n","protected":false},"author":0,"featured_media":0,"comment_status":"open","ping_status":"open","sticky":false,"template":"","format":"standard","meta":{"footnotes":""},"categories":[31],"tags":[],"class_list":["post-778","post","type-post","status-publish","format-standard","hentry","category-vieclub"],"_links":{"self":[{"href":"https:\/\/www.rapacesdazur.fr\/index.php?rest_route=\/wp\/v2\/posts\/778","targetHints":{"allow":["GET"]}}],"collection":[{"href":"https:\/\/www.rapacesdazur.fr\/index.php?rest_route=\/wp\/v2\/posts"}],"about":[{"href":"https:\/\/www.rapacesdazur.fr\/index.php?rest_route=\/wp\/v2\/types\/post"}],"replies":[{"embeddable":true,"href":"https:\/\/www.rapacesdazur.fr\/index.php?rest_route=%2Fwp%2Fv2%2Fcomments&post=778"}],"version-history":[{"count":0,"href":"https:\/\/www.rapacesdazur.fr\/index.php?rest_route=\/wp\/v2\/posts\/778\/revisions"}],"wp:attachment":[{"href":"https:\/\/www.rapacesdazur.fr\/index.php?rest_route=%2Fwp%2Fv2%2Fmedia&parent=778"}],"wp:term":[{"taxonomy":"category","embeddable":true,"href":"https:\/\/www.rapacesdazur.fr\/index.php?rest_route=%2Fwp%2Fv2%2Fcategories&post=778"},{"taxonomy":"post_tag","embeddable":true,"href":"https:\/\/www.rapacesdazur.fr\/index.php?rest_route=%2Fwp%2Fv2%2Ftags&post=778"}],"curies":[{"name":"wp","href":"https:\/\/api.w.org\/{rel}","templated":true}]}}