{"id":795,"date":"2015-03-07T12:28:42","date_gmt":"2015-03-07T12:28:42","guid":{"rendered":"https:\/\/www.rapacesdazur.fr\/2013\/12\/un-tour-du-monde-a-vol-d-oiseau-ce-soir-a114940834"},"modified":"2015-03-07T12:28:42","modified_gmt":"2015-03-07T12:28:42","slug":"2013-12-un-tour-du-monde-a-vol-d-oiseau-ce-soir-a114940834","status":"publish","type":"post","link":"https:\/\/www.rapacesdazur.fr\/?p=795","title":{"rendered":"Un tour du monde \u00e0 vol d&rsquo;oiseau ce soir&#8230;"},"content":{"rendered":"<div class=\"ob-sections\">\n<div\n    class=\"ob-section ob-section-html \"\n      ><\/p>\n<div class=\"ob-section ob-section-html\">\n<p> <span style=\"font-size: 14pt;\">Durant une ann\u00e9e, le r\u00e9alisateur a suivi les grandes migrations d&rsquo;oiseaux \u00e0 travers le globe, qu&rsquo;il s&rsquo;agisse d&rsquo;oies des neiges, de vautours, d&rsquo;hirondelles, d&rsquo;aigles, d&rsquo;aras ou d&rsquo;encore de flamants roses. Gr\u00e2ce \u00e0 des technologies sophistiqu\u00e9es et des sp\u00e9cimens adopt\u00e9s d\u00e8s l&rsquo;\u00e9closion des \u0153ufs, John Downer a pu les accompagner tout au long de leurs vols, d\u00e9voilant ainsi leur parcours, leur vie sociale ou encore les dangers qu&rsquo;ils doivent affronter.<\/span> <\/p>\n<p> <span style=\"font-size: 14pt;\"><a href=\"https:\/\/www.rapacesdazur.fr\/eki\/_WWLPMDhaXxhoczdjMJkDzXNWf0.jpg\" class=\"nopopup\"><img loading=\"lazy\" decoding=\"async\" src=\"https:\/\/www.rapacesdazur.fr\/eki\/_WWLPMDhaXxhoczdjMJkDzXNWf0.jpg\" style=\"margin:3px auto; display:block; clear:both;\" alt=\"tour.jpg\" height=\"352\" width=\"492\"><\/img><\/a><br \/><\/span> <\/p>\n<p> <span style=\"font-size: 14pt;\">C&rsquo;est \u00e9galement l&rsquo;occasion de d\u00e9couvrir la Terre vue du ciel, de la Camargue au Grand Canyon en passant par la vall\u00e9e du Grand Rift.<\/span> <\/p>\n<p> <span style=\"font-size: 14pt;\">Ce soir sur ARTE \u00e0 20H50&nbsp; <a href=\"http:\/\/www.programme-tv.net\/programme\/culture-infos\/r232097-un-tour-du-monde-a-vol-d-oiseau\/4593059-un-tour-du-monde-a-vol-d-oiseau\/#xtor=EPR-30\">link<\/a><br \/><\/span> <\/p>\n<\/div><\/div>\n<\/p><\/div>\n","protected":false},"excerpt":{"rendered":"<p>Durant une ann\u00e9e, le r\u00e9alisateur a suivi les grandes migrations d&rsquo;oiseaux \u00e0 travers le globe, qu&rsquo;il s&rsquo;agisse d&rsquo;oies&hellip;<\/p>\n","protected":false},"author":0,"featured_media":0,"comment_status":"open","ping_status":"open","sticky":false,"template":"","format":"standard","meta":{"footnotes":""},"categories":[31],"tags":[],"class_list":["post-795","post","type-post","status-publish","format-standard","hentry","category-vieclub"],"_links":{"self":[{"href":"https:\/\/www.rapacesdazur.fr\/index.php?rest_route=\/wp\/v2\/posts\/795","targetHints":{"allow":["GET"]}}],"collection":[{"href":"https:\/\/www.rapacesdazur.fr\/index.php?rest_route=\/wp\/v2\/posts"}],"about":[{"href":"https:\/\/www.rapacesdazur.fr\/index.php?rest_route=\/wp\/v2\/types\/post"}],"replies":[{"embeddable":true,"href":"https:\/\/www.rapacesdazur.fr\/index.php?rest_route=%2Fwp%2Fv2%2Fcomments&post=795"}],"version-history":[{"count":0,"href":"https:\/\/www.rapacesdazur.fr\/index.php?rest_route=\/wp\/v2\/posts\/795\/revisions"}],"wp:attachment":[{"href":"https:\/\/www.rapacesdazur.fr\/index.php?rest_route=%2Fwp%2Fv2%2Fmedia&parent=795"}],"wp:term":[{"taxonomy":"category","embeddable":true,"href":"https:\/\/www.rapacesdazur.fr\/index.php?rest_route=%2Fwp%2Fv2%2Fcategories&post=795"},{"taxonomy":"post_tag","embeddable":true,"href":"https:\/\/www.rapacesdazur.fr\/index.php?rest_route=%2Fwp%2Fv2%2Ftags&post=795"}],"curies":[{"name":"wp","href":"https:\/\/api.w.org\/{rel}","templated":true}]}}