{"id":813,"date":"2015-03-07T12:27:47","date_gmt":"2015-03-07T12:27:47","guid":{"rendered":"https:\/\/www.rapacesdazur.fr\/2014\/02\/mon-plus-beau-vol-a114940672"},"modified":"2015-03-07T12:27:47","modified_gmt":"2015-03-07T12:27:47","slug":"2014-02-mon-plus-beau-vol-a114940672","status":"publish","type":"post","link":"https:\/\/www.rapacesdazur.fr\/?p=813","title":{"rendered":"Mon plus beau vol"},"content":{"rendered":"<div class=\"ob-sections\">\n<div\n    class=\"ob-section ob-section-html \"\n      ><\/p>\n<div class=\"ob-section ob-section-html\">\n<p style=\"text-align: center;\"> <span style=\"font-size: 14pt;\">Non ce n&rsquo;est ni un vol de distance extraordinaire, ni un vol dans des paysages somptueux et encore moins une vid\u00e9o d&rsquo;accro. Mais c&rsquo;est mon plus beau vol. Un vol tandem avec Colin trois ans et demi, qu&rsquo;on a partag\u00e9 avec Bruce cet \u00e9t\u00e9 \u00e0 Saint Andr\u00e9 les Alpes. Le lendemain c&rsquo;\u00e9tait au tour d&rsquo;Emilie la fille de Bruce, de s&rsquo;envoler dans les airs au dessus du Chalvet avec son pilote de papa. Mais je lui laisse le soin de vous faire un montage un de ces jours&#8230;<\/span> <\/p>\n<p style=\"text-align: center;\"> &nbsp; <\/p>\n<div style=\"text-align: center;\"> <iframe loading=\"lazy\" src=\"\/\/player.vimeo.com\/video\/87547493\" frameborder=\"0\" height=\"366\" width=\"650\"><\/iframe> <\/div>\n<p style=\"text-align: center;\"> &nbsp; <\/p>\n<p style=\"text-align: center;\"> <span style=\"font-size: 14pt;\"><br \/><\/span> <\/p>\n<\/div><\/div>\n<\/p><\/div>\n","protected":false},"excerpt":{"rendered":"<p>Non ce n&rsquo;est ni un vol de distance extraordinaire, ni un vol dans des paysages somptueux et encore&hellip;<\/p>\n","protected":false},"author":0,"featured_media":0,"comment_status":"open","ping_status":"open","sticky":false,"template":"","format":"standard","meta":{"footnotes":""},"categories":[31],"tags":[],"class_list":["post-813","post","type-post","status-publish","format-standard","hentry","category-vieclub"],"_links":{"self":[{"href":"https:\/\/www.rapacesdazur.fr\/index.php?rest_route=\/wp\/v2\/posts\/813","targetHints":{"allow":["GET"]}}],"collection":[{"href":"https:\/\/www.rapacesdazur.fr\/index.php?rest_route=\/wp\/v2\/posts"}],"about":[{"href":"https:\/\/www.rapacesdazur.fr\/index.php?rest_route=\/wp\/v2\/types\/post"}],"replies":[{"embeddable":true,"href":"https:\/\/www.rapacesdazur.fr\/index.php?rest_route=%2Fwp%2Fv2%2Fcomments&post=813"}],"version-history":[{"count":0,"href":"https:\/\/www.rapacesdazur.fr\/index.php?rest_route=\/wp\/v2\/posts\/813\/revisions"}],"wp:attachment":[{"href":"https:\/\/www.rapacesdazur.fr\/index.php?rest_route=%2Fwp%2Fv2%2Fmedia&parent=813"}],"wp:term":[{"taxonomy":"category","embeddable":true,"href":"https:\/\/www.rapacesdazur.fr\/index.php?rest_route=%2Fwp%2Fv2%2Fcategories&post=813"},{"taxonomy":"post_tag","embeddable":true,"href":"https:\/\/www.rapacesdazur.fr\/index.php?rest_route=%2Fwp%2Fv2%2Ftags&post=813"}],"curies":[{"name":"wp","href":"https:\/\/api.w.org\/{rel}","templated":true}]}}