{"id":820,"date":"2015-03-07T12:28:40","date_gmt":"2015-03-07T12:28:40","guid":{"rendered":"https:\/\/www.rapacesdazur.fr\/2014\/03\/le-bon-plan-du-dimanche-2-mars-a114940820"},"modified":"2015-03-07T12:28:40","modified_gmt":"2015-03-07T12:28:40","slug":"2014-03-le-bon-plan-du-dimanche-2-mars-a114940820","status":"publish","type":"post","link":"https:\/\/www.rapacesdazur.fr\/?p=820","title":{"rendered":"Le bon plan du dimanche 2 Mars&#8230;"},"content":{"rendered":"<div class=\"ob-sections\">\n<div\n    class=\"ob-section ob-section-html \"\n      ><\/p>\n<div class=\"ob-section ob-section-html\">\n<p> <span style=\"font-size: 14pt;\">Pas facile d&rsquo;\u00eatre partout \u00e0 la fois ce dimanche et \u00e7a vole sur la st Baume et au cube, quand je prends la route pour aller en reconnaissance au col de la Gineste, pour \u00ab\u00a0assister\u00a0\u00bb Marco Brasil qui va tenter son 1er vol sur ce site.<\/span> <\/p>\n<p> <span style=\"font-size: 14pt;\"><a href=\"https:\/\/www.rapacesdazur.fr\/eki\/8agYTtV3sm6BNKwbV0dKF5ioXuE.jpg\" class=\"nopopup\"><img loading=\"lazy\" decoding=\"async\" src=\"https:\/\/www.rapacesdazur.fr\/eki\/V9f-fEYkB_4tt-k8tZMeb9Fjgto.jpg\" style=\"margin:3px auto; display:block; clear:both;\" alt=\"col-gineste.jpg\" height=\"227\" width=\"500\"><\/img><\/a>La vue est splendide et \u00e7a vole bien au Mont Rose, on les voit en l&rsquo;air depuis le col de la Gineste o\u00f9 l&rsquo;on est.<\/span> <\/p>\n<p> <span style=\"font-size: 14pt;\">Le d\u00e9co est l\u00e0 haut !<\/span> <\/p>\n<p> <span style=\"font-size: 14pt;\"><a href=\"https:\/\/www.rapacesdazur.fr\/eki\/dww7GaQKsESfNNoHMo2XwmG6-X4.jpg\" class=\"nopopup\"><img loading=\"lazy\" decoding=\"async\" src=\"https:\/\/www.rapacesdazur.fr\/eki\/Y-DFCKdDdrMS1wEwe8zAVow_bi0.jpg\" style=\"margin:3px auto; display:block; clear:both;\" alt=\"deco.jpg\" height=\"244\" width=\"500\"><\/img><\/a><a href=\"https:\/\/www.rapacesdazur.fr\/eki\/PwEv3C9bPKSSMTT9JTL48Et0YoQ.jpg\" class=\"nopopup\"><img loading=\"lazy\" decoding=\"async\" src=\"https:\/\/www.rapacesdazur.fr\/eki\/K_FZRU2c-eOohBNxF1EFNgYX6Qc.jpg\" style=\"margin:3px auto; display:block; clear:both;\" alt=\"deco-puget.jpg\" height=\"375\" width=\"500\"><\/img><\/a>Visite des lieux avec Marco, et zone de d\u00e9pliage.<\/span> <\/p>\n<p> <span style=\"font-size: 14pt;\"><a href=\"https:\/\/www.rapacesdazur.fr\/eki\/TbNDCrQ7yAJpgC2K21-LTto1tnw.jpg\" class=\"nopopup\"><img loading=\"lazy\" decoding=\"async\" src=\"https:\/\/www.rapacesdazur.fr\/eki\/wX3f9xosVDseOk7oB5cVW0R-2ig.jpg\" style=\"margin:3px auto; display:block; clear:both;\" alt=\"decoMarcos.jpg\" height=\"375\" width=\"500\"><\/img><\/a><br \/><\/span> <\/p>\n<p> <span style=\"font-size: 14pt;\">On va attendre jusqu&rsquo;\u00e0 16h30 que le vent baisse pour que Marco puisse d\u00e9coller et en prendre plein les yeux.<\/span> <\/p>\n<p> <span style=\"font-size: 14pt;\"><a href=\"https:\/\/www.rapacesdazur.fr\/eki\/i86rNGgGiRzcASq5Hd27jNSVVC0.jpg\" class=\"nopopup\"><img loading=\"lazy\" decoding=\"async\" src=\"https:\/\/www.rapacesdazur.fr\/eki\/QuFZZtvsP7Y4-41nztT13HyMkJM.jpg\" style=\"margin:3px auto; display:block; clear:both;\" alt=\"la-vue.jpg\" height=\"375\" width=\"500\"><\/img><\/a>Vue a couper le souffle sur les environs de Marseille&#8230;<br \/><\/span> <\/p>\n<p> <a href=\"https:\/\/www.rapacesdazur.fr\/eki\/x6oLIkKClnTPIV6ZCGR5Cm1ax1g.jpg\" class=\"nopopup\"><img loading=\"lazy\" decoding=\"async\" src=\"https:\/\/www.rapacesdazur.fr\/eki\/RsEYL0ZLYDPtpSRZ5m-WyzyxR2A.jpg\" style=\"margin:3px auto; display:block; clear:both;\" alt=\"atterro.jpg\" height=\"375\" width=\"500\"><\/img><\/a><span style=\"font-size: 14pt;\">Le terrain d&rsquo;atterro immense et vert, faut vraiment faire expr\u00e8s pour le rater !<\/span> <\/p>\n<p> <a href=\"https:\/\/www.rapacesdazur.fr\/eki\/totTU1KTVa1NgF-67d71v-RnQY4.jpg\" class=\"nopopup\"><img loading=\"lazy\" decoding=\"async\" src=\"https:\/\/www.rapacesdazur.fr\/eki\/Jp4y2HA7e4XLWTC9TcvwQ4I5tbc.jpg\" style=\"margin:3px auto; display:block; clear:both;\" alt=\"vers-le-Sud.jpg\" height=\"375\" width=\"500\"><\/img><\/a> <\/p>\n<p> <span style=\"font-size: 14pt;\">Vue vers le Sud avec juste en dessous le d\u00e9co du Puget et au fond Cassis et plus loin les falaises de la Ciotat.<\/span> <\/p>\n<p> <a href=\"https:\/\/www.rapacesdazur.fr\/eki\/zwD2Djw_bvXNHVk3Z5aeJdCxsaE.jpg\" class=\"nopopup\"><img loading=\"lazy\" decoding=\"async\" src=\"https:\/\/www.rapacesdazur.fr\/eki\/jYb3ZyJElA1a_xker-l7QyxlGng.jpg\" style=\"margin:3px auto; display:block; clear:both;\" alt=\"vers-la-gineste.jpg\" height=\"375\" width=\"500\"><\/img><\/a><span style=\"font-size: 14pt;\">Vue vers le col de la Gineste et le parking<\/span> <\/p>\n<p> <a href=\"https:\/\/www.rapacesdazur.fr\/eki\/Muwrepuhto1FwdslmixSpM2RT2g.jpg\" class=\"nopopup\"><img loading=\"lazy\" decoding=\"async\" src=\"https:\/\/www.rapacesdazur.fr\/eki\/3O44IAIylxDY4TZTwDWGElqxtCs.jpg\" style=\"margin:3px auto; display:block; clear:both;\" alt=\"le-col.jpg\" height=\"375\" width=\"500\"><\/img><\/a><span style=\"font-size: 14pt;\">Le col et les atterros possible en herbe, quand le vent n&rsquo;est pas trop fort.<\/span> <\/p>\n<p> <span style=\"font-size: 14pt;\">Il pose vers 18h30 au col de la Gineste, extr\u00e9mement satisfait de son vol!<\/span> <\/p>\n<p style=\"text-align: center;\"> &nbsp; <\/p>\n<div> <iframe loading=\"lazy\" src=\"\/\/player.vimeo.com\/video\/88171504\" frameborder=\"0\" height=\"281\" width=\"500\"><\/iframe> <\/p>\n<p style=\"text-align: center;\"> <a href=\"http:\/\/vimeo.com\/88171504\">Le Mont Puget.<\/a> from <a href=\"http:\/\/vimeo.com\/user14316349\">marcos<\/a> on <a href=\"https:\/\/vimeo.com\">Vimeo<\/a>. <\/p>\n<\/p><\/div>\n<p style=\"text-align: center;\"> &nbsp; <\/p>\n<p style=\"text-align: center;\"> <span style=\"font-size: 14pt;\">Bon on n&rsquo;y va quand \u00e0 plusieurs ?<br \/><\/span> <\/p>\n<\/div><\/div>\n<\/p><\/div>\n","protected":false},"excerpt":{"rendered":"<p>Pas facile d&rsquo;\u00eatre partout \u00e0 la fois ce dimanche et \u00e7a vole sur la st Baume et au&hellip;<\/p>\n","protected":false},"author":0,"featured_media":0,"comment_status":"open","ping_status":"open","sticky":false,"template":"","format":"standard","meta":{"footnotes":""},"categories":[31],"tags":[],"class_list":["post-820","post","type-post","status-publish","format-standard","hentry","category-vieclub"],"_links":{"self":[{"href":"https:\/\/www.rapacesdazur.fr\/index.php?rest_route=\/wp\/v2\/posts\/820","targetHints":{"allow":["GET"]}}],"collection":[{"href":"https:\/\/www.rapacesdazur.fr\/index.php?rest_route=\/wp\/v2\/posts"}],"about":[{"href":"https:\/\/www.rapacesdazur.fr\/index.php?rest_route=\/wp\/v2\/types\/post"}],"replies":[{"embeddable":true,"href":"https:\/\/www.rapacesdazur.fr\/index.php?rest_route=%2Fwp%2Fv2%2Fcomments&post=820"}],"version-history":[{"count":0,"href":"https:\/\/www.rapacesdazur.fr\/index.php?rest_route=\/wp\/v2\/posts\/820\/revisions"}],"wp:attachment":[{"href":"https:\/\/www.rapacesdazur.fr\/index.php?rest_route=%2Fwp%2Fv2%2Fmedia&parent=820"}],"wp:term":[{"taxonomy":"category","embeddable":true,"href":"https:\/\/www.rapacesdazur.fr\/index.php?rest_route=%2Fwp%2Fv2%2Fcategories&post=820"},{"taxonomy":"post_tag","embeddable":true,"href":"https:\/\/www.rapacesdazur.fr\/index.php?rest_route=%2Fwp%2Fv2%2Ftags&post=820"}],"curies":[{"name":"wp","href":"https:\/\/api.w.org\/{rel}","templated":true}]}}