{"id":824,"date":"2015-03-07T12:28:46","date_gmt":"2015-03-07T12:28:46","guid":{"rendered":"https:\/\/www.rapacesdazur.fr\/2014\/03\/vendredi-28-mars-a114940840"},"modified":"2015-03-07T12:28:46","modified_gmt":"2015-03-07T12:28:46","slug":"2014-03-vendredi-28-mars-a114940840","status":"publish","type":"post","link":"https:\/\/www.rapacesdazur.fr\/?p=824","title":{"rendered":"Vendredi 28 Mars"},"content":{"rendered":"<div class=\"ob-sections\">\n<div\n    class=\"ob-section ob-section-html \"\n      ><\/p>\n<div class=\"ob-section ob-section-html\">\n<p> <span style=\"font-size: 14pt;\">Une m\u00e9t\u00e9o tr\u00e9s optimiste pour ce vendredi, et des jolis plaf sont annonc\u00e9s sur Signes, st Victoire et un challenge Caume-Signes est mis sur pieds. On se retrouve sur Cuges avec Marco, &#8230;au plus pr\u00e8s, pour nous vu l&rsquo;heure de fin du boulot pour les deux.<\/span> <\/p>\n<p> <span style=\"font-size: 14pt;\">Au d\u00e9co en se pr\u00e9parant, on voit d\u00e9coller un pilote de Peygroset faire le plaf en 5mn puis dispara\u00eetre derri\u00e8re la st Baume !<\/span> <\/p>\n<p> <span style=\"font-size: 14pt;\">Vite en l&rsquo;air !<\/span> <\/p>\n<p> <span style=\"font-size: 14pt;\"><a href=\"https:\/\/www.rapacesdazur.fr\/eki\/oApYDzQgaK_NSUH7JjYCjUzam0Y.jpg\" class=\"nopopup\"><img loading=\"lazy\" decoding=\"async\" src=\"https:\/\/www.rapacesdazur.fr\/eki\/HBvM_KzB2F1yEeRA69Ln6JVVDLk.jpg\" style=\"margin:3px auto; display:block; clear:both;\" alt=\"cu01-copie-1.jpg\" height=\"281\" width=\"500\"><\/img><\/a>Vers Aubagne, le ciel est magnifique ! on peine \u00e0 monter avec Marco et je fais 990 sans pouvoir monter plus haut.<\/span> <\/p>\n<p> <span style=\"font-size: 14pt;\">Marco a du mal \u00e0 s&rsquo;extraire et au bout d&rsquo;une heure on est toujours l\u00e0!<\/span> <\/p>\n<p> <span style=\"font-size: 14pt;\"><a href=\"https:\/\/www.rapacesdazur.fr\/eki\/Sf8GQ7Oipkow1EvSJiW8kiLfnH4.jpg\" class=\"nopopup\"><img loading=\"lazy\" decoding=\"async\" src=\"https:\/\/www.rapacesdazur.fr\/eki\/glli5JxQiMsj1eP3MEypDLhVbrY.jpg\" style=\"margin:3px auto; display:block; clear:both;\" alt=\"cu02-copie-1.jpg\" height=\"281\" width=\"500\"><\/img><\/a>Terrass\u00e9 par un manque de sommeil, je laisse partir Marco qui fait enfin un joli plaf et file plein Nord !<\/span> <\/p>\n<p> <span style=\"font-size: 14pt;\">Je tra\u00eene encore une vingtaine de minutes sur la plaine et descend poser \u00e0 c\u00f4t\u00e9 de ma voiture.<\/span> <\/p>\n<p> <span style=\"font-size: 14pt;\">Belle journ\u00e9e printani\u00e8re, Marco refera le plaf derri\u00e8re et se fait descendre \u00e0 cause de l&rsquo;ombre d&rsquo;un gros nuage entre Rians et Pourri\u00e8re.<\/span> <\/p>\n<p> <span style=\"font-size: 14pt;\">Et J&#8230;.. il pose o\u00f9 ?<br \/><\/span> <\/p>\n<\/div><\/div>\n<\/p><\/div>\n","protected":false},"excerpt":{"rendered":"<p>Une m\u00e9t\u00e9o tr\u00e9s optimiste pour ce vendredi, et des jolis plaf sont annonc\u00e9s sur Signes, st Victoire et&hellip;<\/p>\n","protected":false},"author":0,"featured_media":0,"comment_status":"open","ping_status":"open","sticky":false,"template":"","format":"standard","meta":{"footnotes":""},"categories":[31],"tags":[],"class_list":["post-824","post","type-post","status-publish","format-standard","hentry","category-vieclub"],"_links":{"self":[{"href":"https:\/\/www.rapacesdazur.fr\/index.php?rest_route=\/wp\/v2\/posts\/824","targetHints":{"allow":["GET"]}}],"collection":[{"href":"https:\/\/www.rapacesdazur.fr\/index.php?rest_route=\/wp\/v2\/posts"}],"about":[{"href":"https:\/\/www.rapacesdazur.fr\/index.php?rest_route=\/wp\/v2\/types\/post"}],"replies":[{"embeddable":true,"href":"https:\/\/www.rapacesdazur.fr\/index.php?rest_route=%2Fwp%2Fv2%2Fcomments&post=824"}],"version-history":[{"count":0,"href":"https:\/\/www.rapacesdazur.fr\/index.php?rest_route=\/wp\/v2\/posts\/824\/revisions"}],"wp:attachment":[{"href":"https:\/\/www.rapacesdazur.fr\/index.php?rest_route=%2Fwp%2Fv2%2Fmedia&parent=824"}],"wp:term":[{"taxonomy":"category","embeddable":true,"href":"https:\/\/www.rapacesdazur.fr\/index.php?rest_route=%2Fwp%2Fv2%2Fcategories&post=824"},{"taxonomy":"post_tag","embeddable":true,"href":"https:\/\/www.rapacesdazur.fr\/index.php?rest_route=%2Fwp%2Fv2%2Ftags&post=824"}],"curies":[{"name":"wp","href":"https:\/\/api.w.org\/{rel}","templated":true}]}}