{"id":828,"date":"2015-03-07T12:28:20","date_gmt":"2015-03-07T12:28:20","guid":{"rendered":"https:\/\/www.rapacesdazur.fr\/2014\/04\/cubique-le-samedi-cubique-a114940754"},"modified":"2015-03-07T12:28:20","modified_gmt":"2015-03-07T12:28:20","slug":"2014-04-cubique-le-samedi-cubique-a114940754","status":"publish","type":"post","link":"https:\/\/www.rapacesdazur.fr\/?p=828","title":{"rendered":"Cubique ,le samedi, Cubique&#8230;"},"content":{"rendered":"<div class=\"ob-sections\">\n<div\n    class=\"ob-section ob-section-html \"\n      ><\/p>\n<div class=\"ob-section ob-section-html\">\n<p> <span style=\"font-size: 14pt;\">Rendez-vous le matin avec Michel of pour lui passer la WASP de BGD \u00e0 l&rsquo;essai et petit vol pour essai d&rsquo;une sellette. Je suis \u00ab\u00a0retenu\u00a0\u00bb en otage pour un repas \u00e0 midi et j&rsquo;arrive \u00e0 m&rsquo;extraire vers 15h30 pour arriver \u00e0 16h au cube. 11 pilotes sur place et une mini voile est en vol. Quand j&rsquo;arrive c&rsquo;est fort mais d\u00e9collable, aussi je me jette en l&rsquo;air. Ca monte d&rsquo;entr\u00e9e et je grimpe \u00e0 650, avant de faire demi-tour pour filer vers le Castellet au cube plus bas personne ne m&#8217;embo\u00eete le pas&#8230;je file seul !<\/span> <\/p>\n<p> <span style=\"font-size: 14pt;\">Au Castellet je tra\u00eene un bon quart d&rsquo;heure avant de prendre un +2.5 qui me hisse \u00e0 1000 &#8230;<\/span> <\/p>\n<p> <span style=\"font-size: 14pt;\"><a href=\"https:\/\/www.rapacesdazur.fr\/eki\/R2qiCsWPnFMXH3WW-QTB3wRVNPA.jpg\" class=\"nopopup\"><img loading=\"lazy\" decoding=\"async\" src=\"https:\/\/www.rapacesdazur.fr\/eki\/fGEYoLuK0QjCSxe_VfXyQnPfmQw.jpg\" style=\"margin:3px auto; display:block; clear:both;\" alt=\"2014-02-0004.JPG\" height=\"281\" width=\"500\"><\/img><\/a>Vers le cube je vois une aile qui se met en l&rsquo;air, comme je suis attendu \u00e0 la Seyne pour 17h30, je file vers le Beausset en stoppant mon thermique \u00e0 1000.<\/span> <\/p>\n<p> <span style=\"font-size: 14pt;\"><a href=\"https:\/\/www.rapacesdazur.fr\/eki\/YXjiTk0GgUsUrJo2IqTmmEdR7hI.jpg\" class=\"nopopup\"><img loading=\"lazy\" decoding=\"async\" src=\"https:\/\/www.rapacesdazur.fr\/eki\/b41vj3p8TJEPA03x4GqWgkv2Skc.jpg\" style=\"margin:3px auto; display:block; clear:both;\" alt=\"2014-02-0003.JPG\" height=\"281\" width=\"500\"><\/img><\/a>Je me dis qu&rsquo;avec un peu plus de temps je pourrai tenter la Seyne en vol..<\/span> <\/p>\n<p> <span style=\"font-size: 14pt;\"><a href=\"https:\/\/www.rapacesdazur.fr\/eki\/OsD_IhyS3wKSCn6ciiOQe41Mn9I.jpg\" class=\"nopopup\"><img loading=\"lazy\" decoding=\"async\" src=\"https:\/\/www.rapacesdazur.fr\/eki\/r18imlc2rl9uVVH6QxhyVNVwLbQ.jpg\" style=\"margin:3px auto; display:block; clear:both;\" alt=\"2014-02-0002.JPG\" height=\"281\" width=\"500\"><\/img><\/a>Je suis sur un rail et je l\u00e2che tout \u00e0 1000 pour faire les photos avec mon t\u00e9l\u00e9phone&#8230;mon \u00e9pouse me t\u00e9l\u00e9phone en l&rsquo;air pour me demander o\u00f9 je suis, je lui indique que je file poser \u00e0 st Anne&#8230;<br \/><\/span> <\/p>\n<p> <span style=\"font-size: 14pt;\"><a href=\"https:\/\/www.rapacesdazur.fr\/eki\/I64r2JsnReH9d8UuvMZE0BIVU60.jpg\" class=\"nopopup\"><img loading=\"lazy\" decoding=\"async\" src=\"https:\/\/www.rapacesdazur.fr\/eki\/37iAZD5wBzemJpmQRxjbwSTcBJg.jpg\" style=\"margin:3px auto; display:block; clear:both;\" alt=\"2014-02-0001.JPG\" height=\"281\" width=\"500\"><\/img><\/a>Le Beausset, et st Anne d&rsquo;Evenos o\u00f9 je descend de 900m en 3.6 pour poser et<\/span> <\/p>\n<p> <span style=\"font-size: 14pt;\">arriver \u00e0 temps \u00e0 mon rendez-vous ! La suite sur le cube \u00e0 d\u00fb \u00eatre tr\u00e9s bonne&#8230;mais je sais que \u00e7a \u00e0 vol\u00e9 jusqu&rsquo;\u00e0 19h avec encore des allers retours st Cyr en bi par the Pr\u00e9z et Genevi\u00e8ve.<br \/><\/span> <\/p>\n<\/div><\/div>\n<\/p><\/div>\n","protected":false},"excerpt":{"rendered":"<p>Rendez-vous le matin avec Michel of pour lui passer la WASP de BGD \u00e0 l&rsquo;essai et petit vol&hellip;<\/p>\n","protected":false},"author":0,"featured_media":0,"comment_status":"open","ping_status":"open","sticky":false,"template":"","format":"standard","meta":{"footnotes":""},"categories":[31],"tags":[],"class_list":["post-828","post","type-post","status-publish","format-standard","hentry","category-vieclub"],"_links":{"self":[{"href":"https:\/\/www.rapacesdazur.fr\/index.php?rest_route=\/wp\/v2\/posts\/828","targetHints":{"allow":["GET"]}}],"collection":[{"href":"https:\/\/www.rapacesdazur.fr\/index.php?rest_route=\/wp\/v2\/posts"}],"about":[{"href":"https:\/\/www.rapacesdazur.fr\/index.php?rest_route=\/wp\/v2\/types\/post"}],"replies":[{"embeddable":true,"href":"https:\/\/www.rapacesdazur.fr\/index.php?rest_route=%2Fwp%2Fv2%2Fcomments&post=828"}],"version-history":[{"count":0,"href":"https:\/\/www.rapacesdazur.fr\/index.php?rest_route=\/wp\/v2\/posts\/828\/revisions"}],"wp:attachment":[{"href":"https:\/\/www.rapacesdazur.fr\/index.php?rest_route=%2Fwp%2Fv2%2Fmedia&parent=828"}],"wp:term":[{"taxonomy":"category","embeddable":true,"href":"https:\/\/www.rapacesdazur.fr\/index.php?rest_route=%2Fwp%2Fv2%2Fcategories&post=828"},{"taxonomy":"post_tag","embeddable":true,"href":"https:\/\/www.rapacesdazur.fr\/index.php?rest_route=%2Fwp%2Fv2%2Ftags&post=828"}],"curies":[{"name":"wp","href":"https:\/\/api.w.org\/{rel}","templated":true}]}}