{"id":839,"date":"2015-03-07T12:28:16","date_gmt":"2015-03-07T12:28:16","guid":{"rendered":"https:\/\/www.rapacesdazur.fr\/2014\/05\/le-1er-mai-entre-83-et-06-a114940742"},"modified":"2015-03-07T12:28:16","modified_gmt":"2015-03-07T12:28:16","slug":"2014-05-le-1er-mai-entre-83-et-06-a114940742","status":"publish","type":"post","link":"https:\/\/www.rapacesdazur.fr\/?p=839","title":{"rendered":"Le 1er Mai , entre 83 et 06."},"content":{"rendered":"<div class=\"ob-sections\">\n<div\n    class=\"ob-section ob-section-html \"\n      ><\/p>\n<div class=\"ob-section ob-section-html\">\n<p> <span style=\"font-size: 14pt;\">Pour ce 1er Mai la m\u00e9t\u00e9o du littoral n&rsquo;est pas optimiste, alors une visite de l&rsquo;arri\u00e8re pays est programm\u00e9e. Mont\u00e9e par le Lachens mercredi soir et couchage au bord du lac de Thorenc, pour essayer le camion. R\u00e9veil brutal avec 2\u00b0 \u00e0 l&rsquo;int\u00e9rieur du camion, vite je mets en route le chauffage et me recouche.<\/span> <\/p>\n<p> <span style=\"font-size: 14pt;\">Petit d\u00e9j r\u00e9parateur et arriv\u00e9e \u00e0 l&rsquo;atterro du col de Bleine 9h30.<\/span> <\/p>\n<p> <span style=\"font-size: 14pt;\"><a href=\"https:\/\/www.rapacesdazur.fr\/eki\/14ANEVtw0DMRKReA938CwbwuvBo.jpg\" class=\"nopopup\"><img loading=\"lazy\" decoding=\"async\" src=\"https:\/\/www.rapacesdazur.fr\/eki\/F0SjNGwNJ_sMKZrOImCllpsfLC8.jpg\" style=\"margin:3px auto; display:block; clear:both;\" alt=\"BLEINE.jpg\" height=\"197\" width=\"500\"><\/img><\/a>Les crosseurs sont d\u00e9j\u00e0 l\u00e0 haut et j&rsquo;attends une navette pour aller au d\u00e9co.<\/span> <\/p>\n<p> <span style=\"font-size: 14pt;\">Je suis pr\u00eat \u00e0 11h et le ciel est d\u00e9j\u00e0 superbe.<\/span> <\/p>\n<p> <span style=\"font-size: 14pt;\"><a href=\"https:\/\/www.rapacesdazur.fr\/eki\/44-fPZBUuNnskpVQkZG8VlNj0W4.jpg\" class=\"nopopup\"><img loading=\"lazy\" decoding=\"async\" src=\"https:\/\/www.rapacesdazur.fr\/eki\/pZ2DL5Wa4oquMlPJJOSoaI9dBEo.jpg\" style=\"margin:3px auto; display:block; clear:both;\" alt=\"BLEI01.jpg\" height=\"281\" width=\"500\"><\/img><\/a>Dix pilotes sont entrain de filer vers le Teillon et visent st Andr\u00e9. Moi je vais aller de l&rsquo;autre c\u00f4t\u00e9 vers Gr\u00e9oli\u00e8res.<\/span> <\/p>\n<p> <span style=\"font-size: 14pt;\"><a href=\"https:\/\/www.rapacesdazur.fr\/eki\/l6XYRzrEpn72DALlOiYd8a-CEo8.jpg\" class=\"nopopup\"><img loading=\"lazy\" decoding=\"async\" src=\"https:\/\/www.rapacesdazur.fr\/eki\/uXZ6IX1LjdJ3wmUru27DjBYVr_Q.jpg\" style=\"margin:3px auto; display:block; clear:both;\" alt=\"BLEI02.jpg\" height=\"281\" width=\"500\"><\/img><\/a>Sur la route je croise les premiers qui arrivent de Gourdon, ils enroulent \u00e0 peine et filent vers le Nord comme des fus\u00e9es.<\/span> <\/p>\n<p> <span style=\"font-size: 14pt;\"><a href=\"https:\/\/www.rapacesdazur.fr\/eki\/9wtRqxMfDF8x5DHjfTrbXG49lWo.jpg\" class=\"nopopup\"><img loading=\"lazy\" decoding=\"async\" src=\"https:\/\/www.rapacesdazur.fr\/eki\/6845Jv07bG-eECjP07MHEOu75IA.jpg\" style=\"margin:3px auto; display:block; clear:both;\" alt=\"BLEI03.jpg\" height=\"281\" width=\"500\"><\/img><\/a>Au fond vers le Lachens je ne vois personne en l&rsquo;air \u00e0 part un planeur.<\/span> <\/p>\n<p> <span style=\"font-size: 14pt;\"><a href=\"https:\/\/www.rapacesdazur.fr\/eki\/NiR3doAnpOo57y2iUkn_5QexARQ.jpg\" class=\"nopopup\"><img loading=\"lazy\" decoding=\"async\" src=\"https:\/\/www.rapacesdazur.fr\/eki\/zXJqKQtzJA06_1sn7SCoDrylzuc.jpg\" style=\"margin:3px auto; display:block; clear:both;\" alt=\"blei04.jpg\" height=\"281\" width=\"500\"><\/img><\/a>Pas loin de Gr\u00e9oli\u00e8res je vois les ailes sur Gourdon qui montent comme des balles et qui arrivent par Cipi\u00e8res ou directement par l&rsquo;observatoire de Caussol.<\/span> <\/p>\n<p> <span style=\"font-size: 14pt;\"><a href=\"https:\/\/www.rapacesdazur.fr\/eki\/O5eDNTm0fgIpJrPHpRFUfBczDA0.jpg\" class=\"nopopup\"><img loading=\"lazy\" decoding=\"async\" src=\"https:\/\/www.rapacesdazur.fr\/eki\/h7xw5g_8wdnR1WJ27qE912Y_sHo.jpg\" style=\"margin:3px auto; display:block; clear:both;\" alt=\"blei05.jpg\" height=\"281\" width=\"500\"><\/img><\/a>J&rsquo;avance \u00e0 2100 \u00e0 30\/35 jusqu&rsquo;au village de Gr\u00e9o puis repars vers Bleine.<\/span> <\/p>\n<p> <span style=\"font-size: 14pt;\"><a href=\"https:\/\/www.rapacesdazur.fr\/eki\/RNO0FCPeh1tSJhuojoMeycbTeuo.jpg\" class=\"nopopup\"><img loading=\"lazy\" decoding=\"async\" src=\"https:\/\/www.rapacesdazur.fr\/eki\/Py4qWPXM2T5ILfippf0bKM0iGzk.jpg\" style=\"margin:3px auto; display:block; clear:both;\" alt=\"blei06.jpg\" height=\"281\" width=\"500\"><\/img><\/a>Derri\u00e8re vers le Nord le ciel \u00e0 l&rsquo;air moins bouch\u00e9&#8230;<\/span> <\/p>\n<p> <span style=\"font-size: 14pt;\"><a href=\"https:\/\/www.rapacesdazur.fr\/eki\/UlitipL9QTs_GWAIxcBoDMuhMVE.jpg\" class=\"nopopup\"><img loading=\"lazy\" decoding=\"async\" src=\"https:\/\/www.rapacesdazur.fr\/eki\/1QhSdSegCexD0d44QIHEQOcuZ9o.jpg\" style=\"margin:3px auto; display:block; clear:both;\" alt=\"blei08.jpg\" height=\"281\" width=\"500\"><\/img><\/a>A Serranon j&rsquo;h\u00e9site \u00e0 aller vers le Teillon, car tout est \u00e0 l&rsquo;ombre, je repars vers Thorenc, dans le sombre \u00e9galement.<\/span> <\/p>\n<p> <span style=\"font-size: 14pt;\"><a href=\"https:\/\/www.rapacesdazur.fr\/eki\/u8Cc0qBEc8aSEt8wS0Mn8JUo4MU.jpg\" class=\"nopopup\"><img loading=\"lazy\" decoding=\"async\" src=\"https:\/\/www.rapacesdazur.fr\/eki\/IF8rix_AoS3li9Mq0i01rBEqG5Q.jpg\" style=\"margin:3px auto; display:block; clear:both;\" alt=\"blei09.jpg\" height=\"281\" width=\"500\"><\/img><\/a>Ma boussole va bien et est super visible en compl\u00e9ment du G.P.S.<\/span> <\/p>\n<p> <span style=\"font-size: 14pt;\">Descente en 3.6 car \u00e7a pompe partout au dessus de l&rsquo;atterro.<\/span> <\/p>\n<p> <span style=\"font-size: 14pt;\"><a href=\"https:\/\/www.rapacesdazur.fr\/eki\/KoveUC55dXHqEMPbHEjVcxzXnQ8.jpg\" class=\"nopopup\"><img loading=\"lazy\" decoding=\"async\" src=\"https:\/\/www.rapacesdazur.fr\/eki\/O_4eDZEzTE6HP7km1k1D2YDBy04.jpg\" style=\"margin:3px auto; display:block; clear:both;\" alt=\"blei10.jpg\" height=\"281\" width=\"500\"><\/img><\/a>Poser dans le gazon \u00e7a nous change quand m\u00eame !<\/span> <\/p>\n<p> <span style=\"font-size: 14pt;\">Ensuite visite de l&rsquo;enclos des bisons, sacr\u00e9s bestiaux !<\/span> <\/p>\n<p> <span style=\"font-size: 14pt;\"><a href=\"https:\/\/www.rapacesdazur.fr\/eki\/o4Pp61txNOCqRM9DoDYD96lwniQ.jpg\" class=\"nopopup\"><img loading=\"lazy\" decoding=\"async\" src=\"https:\/\/www.rapacesdazur.fr\/eki\/PtHYPLY5Be0jgKZKkG9HDDP0KB8.jpg\" style=\"margin:3px auto; display:block; clear:both;\" alt=\"blei11.jpg\" height=\"226\" width=\"500\"><\/img><\/a><br \/><\/span> <\/p>\n<\/div><\/div>\n<\/p><\/div>\n","protected":false},"excerpt":{"rendered":"<p>Pour ce 1er Mai la m\u00e9t\u00e9o du littoral n&rsquo;est pas optimiste, alors une visite de l&rsquo;arri\u00e8re pays est&hellip;<\/p>\n","protected":false},"author":0,"featured_media":0,"comment_status":"open","ping_status":"open","sticky":false,"template":"","format":"standard","meta":{"footnotes":""},"categories":[31],"tags":[],"class_list":["post-839","post","type-post","status-publish","format-standard","hentry","category-vieclub"],"_links":{"self":[{"href":"https:\/\/www.rapacesdazur.fr\/index.php?rest_route=\/wp\/v2\/posts\/839","targetHints":{"allow":["GET"]}}],"collection":[{"href":"https:\/\/www.rapacesdazur.fr\/index.php?rest_route=\/wp\/v2\/posts"}],"about":[{"href":"https:\/\/www.rapacesdazur.fr\/index.php?rest_route=\/wp\/v2\/types\/post"}],"replies":[{"embeddable":true,"href":"https:\/\/www.rapacesdazur.fr\/index.php?rest_route=%2Fwp%2Fv2%2Fcomments&post=839"}],"version-history":[{"count":0,"href":"https:\/\/www.rapacesdazur.fr\/index.php?rest_route=\/wp\/v2\/posts\/839\/revisions"}],"wp:attachment":[{"href":"https:\/\/www.rapacesdazur.fr\/index.php?rest_route=%2Fwp%2Fv2%2Fmedia&parent=839"}],"wp:term":[{"taxonomy":"category","embeddable":true,"href":"https:\/\/www.rapacesdazur.fr\/index.php?rest_route=%2Fwp%2Fv2%2Fcategories&post=839"},{"taxonomy":"post_tag","embeddable":true,"href":"https:\/\/www.rapacesdazur.fr\/index.php?rest_route=%2Fwp%2Fv2%2Ftags&post=839"}],"curies":[{"name":"wp","href":"https:\/\/api.w.org\/{rel}","templated":true}]}}