{"id":845,"date":"2015-03-07T12:29:00","date_gmt":"2015-03-07T12:29:00","guid":{"rendered":"https:\/\/www.rapacesdazur.fr\/2014\/06\/la-meteo-est-elle-bonne-sur-quel-site-le-jour-ou-je-suis-libre-a114940920"},"modified":"2015-03-07T12:29:00","modified_gmt":"2015-03-07T12:29:00","slug":"2014-06-la-meteo-est-elle-bonne-sur-quel-site-le-jour-ou-je-suis-libre-a114940920","status":"publish","type":"post","link":"https:\/\/www.rapacesdazur.fr\/?p=845","title":{"rendered":"La m\u00e9t\u00e9o est-elle bonne sur quel site ? le jour ou je suis libre&#8230;"},"content":{"rendered":"<div class=\"ob-sections\">\n<div\n    class=\"ob-section ob-section-html \"\n      ><\/p>\n<div class=\"ob-section ob-section-html\">\n<p> <span style=\"font-size: 14pt;\">Notre ami Marcel du club de Rodez dans l&rsquo;Aveyron, me communique un lien m\u00e9t\u00e9o sur leur site. Ce lien vous enm\u00e9ne sur la carte de France des sites et un petit logo vous dit de suite si le vent est de face par rapport \u00e0 l&rsquo;orientation du d\u00e9collage et en rapport \u00e0 l&rsquo;instant \u00ab\u00a0T\u00a0\u00bb du vent au sol.<\/span> <\/p>\n<p> <a href=\"https:\/\/www.rapacesdazur.fr\/eki\/NzlakQh9XSY2DpDACym1hsgY8lE.jpg\" class=\"nopopup\"><img loading=\"lazy\" decoding=\"async\" src=\"https:\/\/www.rapacesdazur.fr\/eki\/IXYIRRqAYCjmfRhTWr2Qvy4cuPs.jpg\" style=\"margin:3px auto; display:block; clear:both;\" alt=\"paraveyron.jpg\" height=\"442\" width=\"500\"><\/img><\/a><span style=\"font-size: 14pt;\">Il suffit de d\u00e9placer la carte vers la r\u00e9gion de votre choix pour voir les m\u00eames infos sur la r\u00e9gion que vous voulez visiter, le jour ou vous \u00e9tes libre !<\/span> <\/p>\n<p> <span style=\"font-size: 14pt;\">Essayez c&rsquo;est assez g\u00e9nial, pour la carte c&rsquo;est ici: <span style=\"font-size: 36pt;\"><a href=\"http:\/\/paraveyron.free.fr\/meteo\/index.php\">lien<\/a><\/span><br \/><\/span> <\/p>\n<p> &nbsp; <\/p>\n<\/div><\/div>\n<\/p><\/div>\n","protected":false},"excerpt":{"rendered":"<p>Notre ami Marcel du club de Rodez dans l&rsquo;Aveyron, me communique un lien m\u00e9t\u00e9o sur leur site. Ce&hellip;<\/p>\n","protected":false},"author":0,"featured_media":0,"comment_status":"open","ping_status":"open","sticky":false,"template":"","format":"standard","meta":{"footnotes":""},"categories":[31],"tags":[],"class_list":["post-845","post","type-post","status-publish","format-standard","hentry","category-vieclub"],"_links":{"self":[{"href":"https:\/\/www.rapacesdazur.fr\/index.php?rest_route=\/wp\/v2\/posts\/845","targetHints":{"allow":["GET"]}}],"collection":[{"href":"https:\/\/www.rapacesdazur.fr\/index.php?rest_route=\/wp\/v2\/posts"}],"about":[{"href":"https:\/\/www.rapacesdazur.fr\/index.php?rest_route=\/wp\/v2\/types\/post"}],"replies":[{"embeddable":true,"href":"https:\/\/www.rapacesdazur.fr\/index.php?rest_route=%2Fwp%2Fv2%2Fcomments&post=845"}],"version-history":[{"count":0,"href":"https:\/\/www.rapacesdazur.fr\/index.php?rest_route=\/wp\/v2\/posts\/845\/revisions"}],"wp:attachment":[{"href":"https:\/\/www.rapacesdazur.fr\/index.php?rest_route=%2Fwp%2Fv2%2Fmedia&parent=845"}],"wp:term":[{"taxonomy":"category","embeddable":true,"href":"https:\/\/www.rapacesdazur.fr\/index.php?rest_route=%2Fwp%2Fv2%2Fcategories&post=845"},{"taxonomy":"post_tag","embeddable":true,"href":"https:\/\/www.rapacesdazur.fr\/index.php?rest_route=%2Fwp%2Fv2%2Ftags&post=845"}],"curies":[{"name":"wp","href":"https:\/\/api.w.org\/{rel}","templated":true}]}}