{"id":846,"date":"2015-03-07T12:29:33","date_gmt":"2015-03-07T12:29:33","guid":{"rendered":"https:\/\/www.rapacesdazur.fr\/2014\/06\/le-cube-du-jour-a114941024"},"modified":"2015-03-07T12:29:33","modified_gmt":"2015-03-07T12:29:33","slug":"2014-06-le-cube-du-jour-a114941024","status":"publish","type":"post","link":"https:\/\/www.rapacesdazur.fr\/?p=846","title":{"rendered":"Le Cube du jour"},"content":{"rendered":"<div class=\"ob-sections\">\n<div\n    class=\"ob-section ob-section-html \"\n      ><\/p>\n<div class=\"ob-section ob-section-html\">\n<p> <span style=\"font-size: 14pt;\">Comme annonc\u00e9 le vent se met en place d\u00e9s 11h et Mathieu est l\u00e0 pour en profiter.<\/span> <\/p>\n<p> <span style=\"font-size: 14pt;\"><a href=\"https:\/\/www.rapacesdazur.fr\/eki\/l0MowNrZG2WAtcXx-SXaGt8V9hM.jpg\" class=\"nopopup\"><img loading=\"lazy\" decoding=\"async\" src=\"https:\/\/www.rapacesdazur.fr\/eki\/iVapsOdlIX6ZH1pwmFMiO27ZEw8.jpg\" style=\"margin:3px auto; display:block; clear:both;\" alt=\"01.jpg\" height=\"281\" width=\"500\"><\/img><\/a>Capt&rsquo;ain aussi se pr\u00e9pare et quand j&rsquo;arrive le vent donne des coups de Sud.<\/span> <\/p>\n<p> <span style=\"font-size: 14pt;\"><a href=\"https:\/\/www.rapacesdazur.fr\/eki\/8qeqFnmjrRMK3EzSUJ9s4oKKsi8.jpg\" class=\"nopopup\"><img loading=\"lazy\" decoding=\"async\" src=\"https:\/\/www.rapacesdazur.fr\/eki\/49kO5KNhc5GI3qXJMBH1kEnmWDk.jpg\" style=\"margin:3px auto; display:block; clear:both;\" alt=\"02.jpg\" height=\"281\" width=\"500\"><\/img><\/a>On va voler une bonne heure avec quelques p\u00e9tards qui viennent nous redonner de l&rsquo;espoir !<\/span> <\/p>\n<p> <span style=\"font-size: 14pt;\"><a href=\"https:\/\/www.rapacesdazur.fr\/eki\/YwOLFONxnYajqqsimfVZq1sZmK4.jpg\" class=\"nopopup\"><img loading=\"lazy\" decoding=\"async\" src=\"https:\/\/www.rapacesdazur.fr\/eki\/AcrG4liovAv0ntxBlcOicY0j6No.jpg\" style=\"margin:3px auto; display:block; clear:both;\" alt=\"03.jpg\" height=\"281\" width=\"500\"><\/img><\/a>Vers 14h30 le vent pousse d&rsquo;un cran e la baie est pleine de moutons. Le Glaude et Pierre B arrivent, nous on avance juste et d&rsquo;un coup c&rsquo;est la fuite vers la plaine.<\/span> <\/p>\n<p> <span style=\"font-size: 14pt;\">A 15h30 on s&rsquo;en va ! Je remonte plus tard vers 17h pour constater que c&rsquo;est toujours fort et Sud !<br \/><\/span> <\/p>\n<\/div><\/div>\n<\/p><\/div>\n","protected":false},"excerpt":{"rendered":"<p>Comme annonc\u00e9 le vent se met en place d\u00e9s 11h et Mathieu est l\u00e0 pour en profiter. Capt&rsquo;ain&hellip;<\/p>\n","protected":false},"author":0,"featured_media":0,"comment_status":"open","ping_status":"open","sticky":false,"template":"","format":"standard","meta":{"footnotes":""},"categories":[31],"tags":[],"class_list":["post-846","post","type-post","status-publish","format-standard","hentry","category-vieclub"],"_links":{"self":[{"href":"https:\/\/www.rapacesdazur.fr\/index.php?rest_route=\/wp\/v2\/posts\/846","targetHints":{"allow":["GET"]}}],"collection":[{"href":"https:\/\/www.rapacesdazur.fr\/index.php?rest_route=\/wp\/v2\/posts"}],"about":[{"href":"https:\/\/www.rapacesdazur.fr\/index.php?rest_route=\/wp\/v2\/types\/post"}],"replies":[{"embeddable":true,"href":"https:\/\/www.rapacesdazur.fr\/index.php?rest_route=%2Fwp%2Fv2%2Fcomments&post=846"}],"version-history":[{"count":0,"href":"https:\/\/www.rapacesdazur.fr\/index.php?rest_route=\/wp\/v2\/posts\/846\/revisions"}],"wp:attachment":[{"href":"https:\/\/www.rapacesdazur.fr\/index.php?rest_route=%2Fwp%2Fv2%2Fmedia&parent=846"}],"wp:term":[{"taxonomy":"category","embeddable":true,"href":"https:\/\/www.rapacesdazur.fr\/index.php?rest_route=%2Fwp%2Fv2%2Fcategories&post=846"},{"taxonomy":"post_tag","embeddable":true,"href":"https:\/\/www.rapacesdazur.fr\/index.php?rest_route=%2Fwp%2Fv2%2Ftags&post=846"}],"curies":[{"name":"wp","href":"https:\/\/api.w.org\/{rel}","templated":true}]}}