{"id":865,"date":"2015-03-07T12:27:24","date_gmt":"2015-03-07T12:27:24","guid":{"rendered":"https:\/\/www.rapacesdazur.fr\/2014\/08\/in-cloud-a114940638"},"modified":"2015-03-07T12:27:24","modified_gmt":"2015-03-07T12:27:24","slug":"2014-08-in-cloud-a114940638","status":"publish","type":"post","link":"https:\/\/www.rapacesdazur.fr\/?p=865","title":{"rendered":"In Cloud"},"content":{"rendered":"<div class=\"ob-sections\">\n<div\n    class=\"ob-section ob-section-html \"\n      ><\/p>\n<div class=\"ob-section ob-section-html\">\n<p> <span style=\"font-size: 14pt;\">L&rsquo;ann\u00e9e pass\u00e9e \u00e0 St-Andr\u00e9 au mois d&rsquo;octobre j&rsquo;ai rencontr\u00e9 Vincent et Mathieu. On a vol\u00e9 (et bu des bi\u00e8res) ensemble tous les jours. Vincent est parapl\u00e9gique suite \u00e0 un accident de travail en exer\u00e7ant son m\u00e9tier de b\u00fbcheron. Passion\u00e9 de parapente, il continue de plus belle sa passion du vol libre. Comme il le dit, une fois en l&rsquo;air il n&rsquo;a plus de handicap ! Je les avais vraiment trouv\u00e9s incroyables. Et Mathieu \u00e9tait toujours l\u00e0 pour l&rsquo;aider \u00e0 d\u00e9coller, plier sa voile, aller le r\u00e9cup\u00e9rer, le d\u00e9panner losqu&rsquo;il a creuv\u00e9 un pneu en redescendant sa voiture du Chalvet le soir&#8230; Car plus de roues de secours aujourd&rsquo;hui sur les voitures&#8230; Vraiment une entraide g\u00e9niale et une grande le\u00e7on de vie de la part de ces gars l\u00e0 !<br \/><\/span> <\/p>\n<p> <span style=\"font-size: 14pt;\">Cet \u00e9t\u00e9 je les ai retrouv\u00e9 \u00e0 St-Andr\u00e9 et c&rsquo;est l\u00e0 que j&rsquo;ai appris le super projet qu&rsquo;ils \u00e9taient en train de r\u00e9aliser : Une X-Alps \u00e0 quatre avec vincent en fauteuil ! Que du vol et&#8230; du v\u00e9lo \u00e0 bras !!! Mathieu, lui \u00e9tait indispo cause boulot pour ce projet. Dommage.<\/span> <\/p>\n<p> <span style=\"font-size: 14pt;\">Vincent utilise toujours le m\u00eame chariot de vol, celui de la ligue je crois. Mais d&rsquo;apr\u00e8s ses dires il est lourd, n&rsquo;offre pas une super position en vol, etc. Bref y a de quoi y r\u00e9fl\u00e9chir pour am\u00e9liorer le truc. Si y a des ing\u00e9nieurs de g\u00e9nie qui lisent l&rsquo;article&#8230;<br \/><\/span> <\/p>\n<p> <span style=\"font-size: 14pt;\">En tout cas vraiment extraordinaire. Ils n&rsquo;ont pas eu beaucoup de chance avec la m\u00e9t\u00e9o et ont donc beaucoup ram\u00e9 !!!<\/span> <\/p>\n<p> <span style=\"font-size: 14pt;\">Ils sont arriv\u00e9s \u00e0 Monaco la semaine pass\u00e9e. Voil\u00e0 le lien qui permet de suivre leur aventure sur facebook&nbsp; :&nbsp; <a href=\"https:\/\/www.facebook.com\/InCloudAsso\">link<\/a><\/span> <\/p>\n<p> <span style=\"font-size: 14pt;\">Et le teaser de leur association :<\/span> <\/p>\n<p style=\"text-align: center;\"> <span style=\"font-size: 14pt;\">&nbsp;<\/span> <\/p>\n<div style=\"text-align: center;\"> <iframe loading=\"lazy\" src=\"\/\/player.vimeo.com\/video\/100300606\" frameborder=\"0\" height=\"366\" width=\"650\"><\/iframe> <\/div>\n<p style=\"text-align: center;\"> &nbsp; <\/p>\n<p style=\"text-align: center;\"> <span style=\"font-size: 14pt;\">Respect total pour leur avenrure !<\/span> <\/p>\n<p style=\"text-align: center;\"> <span style=\"font-size: 14pt;\">&nbsp;<\/span> <\/p>\n<div style=\"text-align: center;\"> <iframe loading=\"lazy\" src=\"\/\/player.vimeo.com\/video\/83420093\" frameborder=\"0\" height=\"366\" width=\"650\"><\/iframe> <\/div>\n<p style=\"text-align: center;\"> &nbsp; <\/p>\n<p> &nbsp; <\/p>\n<p style=\"text-align: center;\"> <span style=\"font-size: 14pt;\">Et quelle le\u00e7on de vie de la part de Vincent !<\/span> <\/p>\n<p style=\"text-align: center;\"> <span style=\"font-size: 14pt;\">L&rsquo;hiver dernier il devait suivre une formation de pilote avion \u00e0 Cuers mais pour des raisons d&rsquo;assurances il n&rsquo;a pas pu&#8230; S&rsquo;il revient cette ann\u00e9e je serais tr\u00e8s heureux de l&rsquo;aider pour d\u00e9couvrir nos sites du sud.<\/span> <\/p>\n<\/div><\/div>\n<\/p><\/div>\n","protected":false},"excerpt":{"rendered":"<p>L&rsquo;ann\u00e9e pass\u00e9e \u00e0 St-Andr\u00e9 au mois d&rsquo;octobre j&rsquo;ai rencontr\u00e9 Vincent et Mathieu. On a vol\u00e9 (et bu des&hellip;<\/p>\n","protected":false},"author":0,"featured_media":0,"comment_status":"open","ping_status":"open","sticky":false,"template":"","format":"standard","meta":{"footnotes":""},"categories":[31],"tags":[],"class_list":["post-865","post","type-post","status-publish","format-standard","hentry","category-vieclub"],"_links":{"self":[{"href":"https:\/\/www.rapacesdazur.fr\/index.php?rest_route=\/wp\/v2\/posts\/865","targetHints":{"allow":["GET"]}}],"collection":[{"href":"https:\/\/www.rapacesdazur.fr\/index.php?rest_route=\/wp\/v2\/posts"}],"about":[{"href":"https:\/\/www.rapacesdazur.fr\/index.php?rest_route=\/wp\/v2\/types\/post"}],"replies":[{"embeddable":true,"href":"https:\/\/www.rapacesdazur.fr\/index.php?rest_route=%2Fwp%2Fv2%2Fcomments&post=865"}],"version-history":[{"count":0,"href":"https:\/\/www.rapacesdazur.fr\/index.php?rest_route=\/wp\/v2\/posts\/865\/revisions"}],"wp:attachment":[{"href":"https:\/\/www.rapacesdazur.fr\/index.php?rest_route=%2Fwp%2Fv2%2Fmedia&parent=865"}],"wp:term":[{"taxonomy":"category","embeddable":true,"href":"https:\/\/www.rapacesdazur.fr\/index.php?rest_route=%2Fwp%2Fv2%2Fcategories&post=865"},{"taxonomy":"post_tag","embeddable":true,"href":"https:\/\/www.rapacesdazur.fr\/index.php?rest_route=%2Fwp%2Fv2%2Ftags&post=865"}],"curies":[{"name":"wp","href":"https:\/\/api.w.org\/{rel}","templated":true}]}}