{"id":881,"date":"2015-03-07T12:28:06","date_gmt":"2015-03-07T12:28:06","guid":{"rendered":"https:\/\/www.rapacesdazur.fr\/2014\/09\/merci-pour-ce-moment-a114940722"},"modified":"2015-03-07T12:28:06","modified_gmt":"2015-03-07T12:28:06","slug":"2014-09-merci-pour-ce-moment-a114940722","status":"publish","type":"post","link":"https:\/\/www.rapacesdazur.fr\/?p=881","title":{"rendered":"Merci pour ce moment !"},"content":{"rendered":"<div class=\"ob-sections\">\n<div\n    class=\"ob-section ob-section-html \"\n      ><\/p>\n<div class=\"ob-section ob-section-html\">\n<p> <span style=\"font-size: 14pt;\">Pour cette seconde semaine&nbsp;de septembre&nbsp;\u00ab\u00a0au frais\u00a0\u00bb la m\u00e9t\u00e9o \u00e9tait de la partie et \u00e7a vole tous les jours, merci donc \u00e0 dame m\u00e9t\u00e9o pour ce moment&#8230;<img decoding=\"async\" src=\"http:\/\/fdata.over-blog.com\/pics\/smiles\/icon_razz.gif\" border=\"0\" alt=\"\"><\/img><\/span> <\/p>\n<p> <span style=\"font-size: 14pt;\"><a class=\"nopopup\" href=\"https:\/\/www.rapacesdazur.fr\/eki\/nvSpzYU6Gq98xryFmJUEFhpdyio.jpg\"><img loading=\"lazy\" decoding=\"async\" width=\"500\" height=\"281\" style=\"margin:3px auto; display:block; clear:both;\" alt=\"2014-04-0186.JPG\" src=\"https:\/\/www.rapacesdazur.fr\/eki\/U85kKH_CG3RUUmbbOUdKLOwDsZQ.jpg\"><\/img><\/a>Une visite d&rsquo;un stage de 20 pilotes Belges en entra\u00eenement cross encadr\u00e9s par JM Caron et Jo\u00e9l Favre, provoque un mouvement de foule au d\u00e9co de st Pancrace.<\/span> <\/p>\n<p> <span style=\"font-size: 14pt;\"><a class=\"nopopup\" href=\"https:\/\/www.rapacesdazur.fr\/eki\/ftWagcj3o1hBzdBJOrsSYmAOUP0.jpg\"><img loading=\"lazy\" decoding=\"async\" width=\"500\" height=\"281\" style=\"margin:3px auto; display:block; clear:both;\" alt=\"2014-04-0141.JPG\" src=\"https:\/\/www.rapacesdazur.fr\/eki\/d_zrv6IPxTSye3rXtVs5zOKXVM4.jpg\"><\/img><\/a>On profite d&rsquo;un boulet de passage pour tous grimper \u00e0 1700, puis 2000, avant de filer vers Moustiers ( la vid\u00e9o du s\u00e9jour des Belges merci Bino)<\/span> <\/p>\n<div> <span style=\"font-size: 14pt;\"><iframe loading=\"lazy\" frameborder=\"0\" height=\"281\" width=\"500\" src=\"\/\/player.vimeo.com\/video\/107038230\"> <\/p>\n<p> <a href=\"http:\/\/vimeo.com\/107038230\">ST ANDRE les ALPES: septembre 2014<\/a> from <a href=\"http:\/\/vimeo.com\/user7635163\">Bino<\/a> on <a href=\"https:\/\/vimeo.com\">Vimeo<\/a>. <\/p>\n<p><\/iframe><\/span> <\/div>\n<p> <\/p>\n<p> <a class=\"nopopup\" href=\"https:\/\/www.rapacesdazur.fr\/eki\/gtH3fmmhiiakUEa_UxoHrjQcHvQ.jpg\"><img loading=\"lazy\" decoding=\"async\" width=\"500\" height=\"281\" style=\"margin:3px auto; display:block; clear:both;\" alt=\"or02.jpg\" src=\"https:\/\/www.rapacesdazur.fr\/eki\/eeA2pePqr8F2YmjgE1inpgoq4JU.jpg\"><\/img><\/a><span style=\"font-size: 14pt;\">Ensuite c&rsquo;est feu sur le plateau o\u00f9 on grimpe all\u00e9grement entre 2200 et 2400..<\/span> <\/p>\n<p> <span style=\"font-size: 14pt;\"><a class=\"nopopup\" href=\"https:\/\/www.rapacesdazur.fr\/eki\/nICrT0TXIe3d9pideMxdNnVXavE.jpg\"><img loading=\"lazy\" decoding=\"async\" width=\"500\" height=\"281\" style=\"margin:3px auto; display:block; clear:both;\" alt=\"or03.jpg\" src=\"https:\/\/www.rapacesdazur.fr\/eki\/aSLLdbf7JV3D1-6ndOfDC04euPw.jpg\"><\/img><\/a><\/span> <\/p>\n<p> <span style=\"font-size: 14pt;\">Rolland et Clem filent sur Dignes et Clem pose \u00e0 St Andr\u00e9,nous filons sur Moustiers o\u00f9 Christian fera 2600, puis nous revenons sur la vall\u00e9e de l&rsquo;asse pour favoriser la r\u00e9cup.<a class=\"nopopup\" href=\"https:\/\/www.rapacesdazur.fr\/eki\/RMmTGrDTvMOS8Vb7ol_DvITwXuU.jpg\"><img loading=\"lazy\" decoding=\"async\" width=\"500\" height=\"281\" style=\"margin:3px auto; display:block; clear:both;\" alt=\"or04.jpg\" src=\"https:\/\/www.rapacesdazur.fr\/eki\/9PxWDE9TPHIH-z5NODqreezHr0w.jpg\"><\/img><\/a><\/span> <\/p>\n<p> <span style=\"font-size: 14pt;\">Le lendemain m\u00eame tarif, on grimpe \u00e0 7 dans un boulet qui nous propulse \u00e0 2000 quasi vertical le d\u00e9co d&rsquo;Oraison, puis un groupe part vers Vinon au vent, je file vers Valensole avec Claude.<a class=\"nopopup\" href=\"https:\/\/www.rapacesdazur.fr\/eki\/16dnGvY8xnRgWY8vWkzuwwwD1PI.jpg\"><img loading=\"lazy\" decoding=\"async\" width=\"500\" height=\"281\" style=\"margin:3px auto; display:block; clear:both;\" alt=\"or06.jpg\" src=\"https:\/\/www.rapacesdazur.fr\/eki\/sRinM-GAOtl4_yby1tobCnL4JP8.jpg\"><\/img><\/a>La promenade est sympa bien que d&rsquo;\u00e9normes dusts nous poursuivent.<img loading=\"lazy\" decoding=\"async\" width=\"500\" height=\"281\" style=\"margin:3px auto; display:block; clear:both;\" alt=\"or09-copie-1.jpg\" src=\"https:\/\/www.rapacesdazur.fr\/eki\/7rNbT1g8UazbjAT-YWBQrxMvGc0.jpg\">Le lendemain c&rsquo;est kermesse biplace \u00e0 Oraison et plus de 150 rotations se d\u00e9roulent sans soucis.<a class=\"nopopup\" href=\"https:\/\/www.rapacesdazur.fr\/eki\/CvbBTLczFNCkSxpfSm2OHgrKiVM.jpg\"><img loading=\"lazy\" decoding=\"async\" width=\"500\" height=\"237\" style=\"margin:3px auto; display:block; clear:both;\" alt=\"fete.jpg\" src=\"https:\/\/www.rapacesdazur.fr\/eki\/IAwBYdIU73_4IVV-9JZLxA3J9AQ.jpg\"><\/img><\/a>Vraiment 15 jours de pied total !<\/img><\/span> <\/p>\n<\/div><\/div>\n<\/p><\/div>\n","protected":false},"excerpt":{"rendered":"<p>Pour cette seconde semaine&nbsp;de septembre&nbsp;\u00ab\u00a0au frais\u00a0\u00bb la m\u00e9t\u00e9o \u00e9tait de la partie et \u00e7a vole tous les jours,&hellip;<\/p>\n","protected":false},"author":0,"featured_media":0,"comment_status":"open","ping_status":"open","sticky":false,"template":"","format":"standard","meta":{"footnotes":""},"categories":[31],"tags":[],"class_list":["post-881","post","type-post","status-publish","format-standard","hentry","category-vieclub"],"_links":{"self":[{"href":"https:\/\/www.rapacesdazur.fr\/index.php?rest_route=\/wp\/v2\/posts\/881","targetHints":{"allow":["GET"]}}],"collection":[{"href":"https:\/\/www.rapacesdazur.fr\/index.php?rest_route=\/wp\/v2\/posts"}],"about":[{"href":"https:\/\/www.rapacesdazur.fr\/index.php?rest_route=\/wp\/v2\/types\/post"}],"replies":[{"embeddable":true,"href":"https:\/\/www.rapacesdazur.fr\/index.php?rest_route=%2Fwp%2Fv2%2Fcomments&post=881"}],"version-history":[{"count":0,"href":"https:\/\/www.rapacesdazur.fr\/index.php?rest_route=\/wp\/v2\/posts\/881\/revisions"}],"wp:attachment":[{"href":"https:\/\/www.rapacesdazur.fr\/index.php?rest_route=%2Fwp%2Fv2%2Fmedia&parent=881"}],"wp:term":[{"taxonomy":"category","embeddable":true,"href":"https:\/\/www.rapacesdazur.fr\/index.php?rest_route=%2Fwp%2Fv2%2Fcategories&post=881"},{"taxonomy":"post_tag","embeddable":true,"href":"https:\/\/www.rapacesdazur.fr\/index.php?rest_route=%2Fwp%2Fv2%2Ftags&post=881"}],"curies":[{"name":"wp","href":"https:\/\/api.w.org\/{rel}","templated":true}]}}