{"id":895,"date":"2015-03-07T12:29:28","date_gmt":"2015-03-07T12:29:28","guid":{"rendered":"https:\/\/www.rapacesdazur.fr\/2014\/10\/jeudi-2-octobre-a114941000"},"modified":"2015-03-07T12:29:28","modified_gmt":"2015-03-07T12:29:28","slug":"2014-10-jeudi-2-octobre-a114941000","status":"publish","type":"post","link":"https:\/\/www.rapacesdazur.fr\/?p=895","title":{"rendered":"Jeudi 2 Octobre"},"content":{"rendered":"<div class=\"ob-sections\">\n<div\n    class=\"ob-section ob-section-html \"\n      ><\/p>\n<div class=\"ob-section ob-section-html\">\n<p> <span style=\"font-size: 14pt;\">Au retour du Caume, je m&rsquo;arr\u00eate au cube o\u00f9 \u00e7a commence \u00e0 tenir.<\/span> <\/p>\n<p style=\"text-align: center;\"> <span style=\"font-size: 14pt;\"><a href=\"https:\/\/www.rapacesdazur.fr\/eki\/iD6nTOiPo4iFvgk2nFWs1uX63hs.jpg\" class=\"nopopup\"><img loading=\"lazy\" decoding=\"async\" src=\"https:\/\/www.rapacesdazur.fr\/eki\/TumwEF1eRSBHgGup-LsBbeFK4sU.jpg\" style=\"margin:3px auto; display:block; clear:both;\" width=\"500\" height=\"451\" alt=\"daniel01.jpg\"><\/img><\/a><\/span> <\/p>\n<p style=\"text-align: center;\"> <span style=\"font-size: 14pt;\">Daniel d\u00e9colle et on lui embo\u00eete le pas. C&rsquo;est sympa sans plus.<\/span> <\/p>\n<p style=\"text-align: center;\"> <span style=\"font-size: 14pt;\"><a href=\"https:\/\/www.rapacesdazur.fr\/eki\/lw9dWYUDzse2iLQEMWTieIg8qgg.jpg\" class=\"nopopup\"><img loading=\"lazy\" decoding=\"async\" src=\"https:\/\/www.rapacesdazur.fr\/eki\/6W1jhDAbmAVMXQvLp10x_RxPvYc.jpg\" style=\"margin:3px auto; display:block; clear:both;\" width=\"399\" height=\"500\" alt=\"daniel02.jpg\"><\/img><\/a><\/span> <\/p>\n<p style=\"text-align: center;\"> <span style=\"font-size: 14pt;\">Au bout de la cr\u00eate, rien de constant \u00e0 enrouler, et on remonte doucement devant le d\u00e9co.Puis le vent se calme et on va en bas.<\/span> <\/p>\n<\/div><\/div>\n<\/p><\/div>\n","protected":false},"excerpt":{"rendered":"<p>Au retour du Caume, je m&rsquo;arr\u00eate au cube o\u00f9 \u00e7a commence \u00e0 tenir. Daniel d\u00e9colle et on lui&hellip;<\/p>\n","protected":false},"author":0,"featured_media":0,"comment_status":"open","ping_status":"open","sticky":false,"template":"","format":"standard","meta":{"footnotes":""},"categories":[31],"tags":[],"class_list":["post-895","post","type-post","status-publish","format-standard","hentry","category-vieclub"],"_links":{"self":[{"href":"https:\/\/www.rapacesdazur.fr\/index.php?rest_route=\/wp\/v2\/posts\/895","targetHints":{"allow":["GET"]}}],"collection":[{"href":"https:\/\/www.rapacesdazur.fr\/index.php?rest_route=\/wp\/v2\/posts"}],"about":[{"href":"https:\/\/www.rapacesdazur.fr\/index.php?rest_route=\/wp\/v2\/types\/post"}],"replies":[{"embeddable":true,"href":"https:\/\/www.rapacesdazur.fr\/index.php?rest_route=%2Fwp%2Fv2%2Fcomments&post=895"}],"version-history":[{"count":0,"href":"https:\/\/www.rapacesdazur.fr\/index.php?rest_route=\/wp\/v2\/posts\/895\/revisions"}],"wp:attachment":[{"href":"https:\/\/www.rapacesdazur.fr\/index.php?rest_route=%2Fwp%2Fv2%2Fmedia&parent=895"}],"wp:term":[{"taxonomy":"category","embeddable":true,"href":"https:\/\/www.rapacesdazur.fr\/index.php?rest_route=%2Fwp%2Fv2%2Fcategories&post=895"},{"taxonomy":"post_tag","embeddable":true,"href":"https:\/\/www.rapacesdazur.fr\/index.php?rest_route=%2Fwp%2Fv2%2Ftags&post=895"}],"curies":[{"name":"wp","href":"https:\/\/api.w.org\/{rel}","templated":true}]}}