{"id":927,"date":"2015-03-07T12:27:55","date_gmt":"2015-03-07T12:27:55","guid":{"rendered":"https:\/\/www.rapacesdazur.fr\/2014\/12\/le-der-des-ders-a114940694"},"modified":"2015-03-07T12:27:55","modified_gmt":"2015-03-07T12:27:55","slug":"2014-12-le-der-des-ders-a114940694","status":"publish","type":"post","link":"https:\/\/www.rapacesdazur.fr\/?p=927","title":{"rendered":"Le Der des Ders"},"content":{"rendered":"<div class=\"ob-sections\">\n<div\n    class=\"ob-section ob-section-html \"\n      ><\/p>\n<div class=\"ob-section ob-section-html\">\n<p> <span style=\"font-size: 14pt;\">Aujourd&rsquo;hui c&rsquo;\u00e9tait le dernier jour volable de 2014, alors on se tente Cuges, \u00e0 cause de l&rsquo;instabilit\u00e9 annonc\u00e9e et du sud-est. Mais c&rsquo;est sud-ouest quand on arrive et pas beaucoup d&rsquo;air.<\/span> <\/p>\n<p> <span style=\"font-size: 14pt;\"><a href=\"https:\/\/www.rapacesdazur.fr\/eki\/M-9wMcP4QmZBE_fmgS7szrA2IL0.jpg\" class=\"nopopup\"><img loading=\"lazy\" decoding=\"async\" src=\"https:\/\/www.rapacesdazur.fr\/eki\/kIy7-yz1KVlAs3He-1WN03dvS2Q.jpg\" style=\"margin:3px auto; display:block; clear:both;\" alt=\"3101.jpg\" height=\"281\" width=\"500\"><\/img><\/a>Un \u00e9norme nuage se pointe et met la plaine dans l&rsquo;ombre, puis le vent rentre Ouest \u00e0 NOrd-Ouest&#8230;Petit vol, et pas grand chose avant de plier et foncer au Cube pour prendre le Nord-Ouest qui s&rsquo;installe.<\/span> <\/p>\n<p> <span style=\"font-size: 14pt;\"><a href=\"https:\/\/www.rapacesdazur.fr\/eki\/8NSXg8llvpi496qk2MAhnI-PnQg.jpg\" class=\"nopopup\"><img loading=\"lazy\" decoding=\"async\" src=\"https:\/\/www.rapacesdazur.fr\/eki\/s3O89gtUlUAHOVCjpzX1UBctz5g.jpg\" style=\"margin:3px auto; display:block; clear:both;\" alt=\"3102.jpg\" height=\"281\" width=\"500\"><\/img><\/a>Marcos rentre chez lui seul C\u00e9dric arrive au cube alors que le Pr\u00e9z est en l&rsquo;air et que je lui embo\u00eete le pas.<\/span> <\/p>\n<p> <span style=\"font-size: 14pt;\"><a href=\"https:\/\/www.rapacesdazur.fr\/eki\/S9b8o-ZjE92d2BS1Kc99NGhSXd0.jpg\" class=\"nopopup\"><img loading=\"lazy\" decoding=\"async\" src=\"https:\/\/www.rapacesdazur.fr\/eki\/5NhKf0VBjU_bq4w__bCuj86ctaI.jpg\" style=\"margin:3px auto; display:block; clear:both;\" alt=\"3103.jpg\" height=\"281\" width=\"500\"><\/img><\/a>Mais les petits p\u00e9tards ne parviennent pas \u00e0 nous hisser assez haut et l&rsquo;ombre \u00e0 raison de nous aussi.Pos\u00e9 au terrain des moutons pour plier dans de la verdure et pot de fin d&rsquo;ann\u00e9e chez Marc B. Merci \u00e0 lui.<\/span> <\/p>\n<p> <span style=\"font-size: 14pt;\">Bonne journ\u00e9e de vol au cap Sici\u00e9 pour certains et bonne promenade pour d&rsquo;autres.<\/span> <\/p>\n<p> <span style=\"font-size: 14pt;\">&nbsp;<\/span> <\/p>\n<div> <iframe loading=\"lazy\" src=\"\/\/player.vimeo.com\/video\/115755018\" frameborder=\"0\" height=\"281\" width=\"500\"><\/iframe> <\/p>\n<p> <a href=\"http:\/\/vimeo.com\/115755018\">dernier jour de 2014,un super Sici\u00e9<\/a> from <a href=\"http:\/\/vimeo.com\/user1481228\">Bams Olivier<\/a> on <a href=\"https:\/\/vimeo.com\">Vimeo<\/a>. <\/p>\n<\/p><\/div>\n<p> &nbsp; <\/p>\n<p> &nbsp; <\/p>\n<p> <span style=\"font-size: 14pt;\">A l&rsquo;an prochain, et profitez bien de cette soir\u00e9e! Demain feu d&rsquo;artifice \u00e0 la Cadi\u00e8re et vin chaud \u00e0 18h30.<br \/><\/span> <\/p>\n<\/div><\/div>\n<\/p><\/div>\n","protected":false},"excerpt":{"rendered":"<p>Aujourd&rsquo;hui c&rsquo;\u00e9tait le dernier jour volable de 2014, alors on se tente Cuges, \u00e0 cause de l&rsquo;instabilit\u00e9 annonc\u00e9e&hellip;<\/p>\n","protected":false},"author":0,"featured_media":0,"comment_status":"open","ping_status":"open","sticky":false,"template":"","format":"standard","meta":{"footnotes":""},"categories":[31],"tags":[],"class_list":["post-927","post","type-post","status-publish","format-standard","hentry","category-vieclub"],"_links":{"self":[{"href":"https:\/\/www.rapacesdazur.fr\/index.php?rest_route=\/wp\/v2\/posts\/927","targetHints":{"allow":["GET"]}}],"collection":[{"href":"https:\/\/www.rapacesdazur.fr\/index.php?rest_route=\/wp\/v2\/posts"}],"about":[{"href":"https:\/\/www.rapacesdazur.fr\/index.php?rest_route=\/wp\/v2\/types\/post"}],"replies":[{"embeddable":true,"href":"https:\/\/www.rapacesdazur.fr\/index.php?rest_route=%2Fwp%2Fv2%2Fcomments&post=927"}],"version-history":[{"count":0,"href":"https:\/\/www.rapacesdazur.fr\/index.php?rest_route=\/wp\/v2\/posts\/927\/revisions"}],"wp:attachment":[{"href":"https:\/\/www.rapacesdazur.fr\/index.php?rest_route=%2Fwp%2Fv2%2Fmedia&parent=927"}],"wp:term":[{"taxonomy":"category","embeddable":true,"href":"https:\/\/www.rapacesdazur.fr\/index.php?rest_route=%2Fwp%2Fv2%2Fcategories&post=927"},{"taxonomy":"post_tag","embeddable":true,"href":"https:\/\/www.rapacesdazur.fr\/index.php?rest_route=%2Fwp%2Fv2%2Ftags&post=927"}],"curies":[{"name":"wp","href":"https:\/\/api.w.org\/{rel}","templated":true}]}}