{"id":941,"date":"2015-03-07T12:29:01","date_gmt":"2015-03-07T12:29:01","guid":{"rendered":"https:\/\/www.rapacesdazur.fr\/2015\/01\/1er-janvier-2015-a114940924"},"modified":"2015-03-07T12:29:01","modified_gmt":"2015-03-07T12:29:01","slug":"2015-01-1er-janvier-2015-a114940924","status":"publish","type":"post","link":"https:\/\/www.rapacesdazur.fr\/?p=941","title":{"rendered":"1ER Janvier 2015"},"content":{"rendered":"<div class=\"ob-sections\">\n<div\n    class=\"ob-section ob-section-html \"\n      ><\/p>\n<div class=\"ob-section ob-section-html\">\n<p> <span style=\"font-size: 14pt;\">Pas de conditions super puissantes comme esper\u00e9es, mais de quoi voler&#8230;et pourtant y-avait du monde.<\/span> <\/p>\n<p> <span style=\"font-size: 14pt;\"><a href=\"https:\/\/www.rapacesdazur.fr\/eki\/XemIcXrxD1EHZxg3Tw-1IFQHn28.jpg\" class=\"nopopup\"><img loading=\"lazy\" decoding=\"async\" src=\"https:\/\/www.rapacesdazur.fr\/eki\/295MTQaXLLlCHKf7OY2xK5jrNMc.jpg\" style=\"margin:3px auto; display:block; clear:both;\" alt=\"0101.jpg\" height=\"344\" width=\"500\"><\/img><\/a>Pour un lendemain de r\u00e9veillon, beaucoup de l\u00e8ves t\u00f4t ou d&rsquo;afficionados du cube. 10 pilotes sont l\u00e0 et attendent que le nord rentre, mais c&rsquo;est un petit Sud qui se met en place.<\/span> <\/p>\n<p> <span style=\"font-size: 14pt;\"><a href=\"https:\/\/www.rapacesdazur.fr\/eki\/zi8qAW0YIoep-j1XJQ_NaB1rxwc.jpg\" class=\"nopopup\"><img loading=\"lazy\" decoding=\"async\" src=\"https:\/\/www.rapacesdazur.fr\/eki\/BBbnqiGNlMpYjirKrzAUESod5Ng.jpg\" style=\"margin:3px auto; display:block; clear:both;\" alt=\"01012.jpg\" height=\"390\" width=\"500\"><\/img><\/a>On vole et on pose en bas ou en haut suivant le cr\u00e9neau&#8230;<\/span> <\/p>\n<p> <span style=\"font-size: 14pt;\">Le soir vers 18h30, la Cadi\u00e8re met le feu au ciel !<\/span> <\/p>\n<p style=\"text-align: center;\"> <span style=\"font-size: 14pt;\"><a href=\"https:\/\/www.rapacesdazur.fr\/eki\/g6M2jem_5S3qOAfzH_HAFwWLdtw.jpg\" class=\"nopopup\"><img loading=\"lazy\" decoding=\"async\" src=\"https:\/\/www.rapacesdazur.fr\/eki\/gUd_YWZrIJ-leB3SYOSE9-UlTVg.jpg\" style=\"margin:3px auto; display:block; clear:both;\" alt=\"le-feu.jpg\" height=\"232\" width=\"600\"><\/img><\/a>Un superbe feu d&rsquo;aritice offert par <span style=\"text-decoration: line-through;\">le club des Rapaces d&rsquo;Azur<\/span> , par la municipalit\u00e9&#8230;dont voici le bouquet final !<\/span> <\/p>\n<p style=\"text-align: center;\"> <span style=\"font-size: 14pt;\">&nbsp;<\/span> <\/p>\n<div style=\"text-align: center;\"> <iframe loading=\"lazy\" src=\"\/\/player.vimeo.com\/video\/115765068\" frameborder=\"0\" height=\"281\" width=\"500\"><\/iframe> <\/p>\n<p> <a href=\"http:\/\/vimeo.com\/115765068\">feu d&rsquo;artifice<\/a> from <a href=\"http:\/\/vimeo.com\/user2311503\">PI&rsquo;AIR<\/a> on <a href=\"https:\/\/vimeo.com\">Vimeo<\/a>. <\/p>\n<\/p><\/div>\n<p style=\"text-align: center;\"> &nbsp; <\/p>\n<\/div><\/div>\n<\/p><\/div>\n","protected":false},"excerpt":{"rendered":"<p>Pas de conditions super puissantes comme esper\u00e9es, mais de quoi voler&#8230;et pourtant y-avait du monde. Pour un lendemain&hellip;<\/p>\n","protected":false},"author":0,"featured_media":0,"comment_status":"open","ping_status":"open","sticky":false,"template":"","format":"standard","meta":{"footnotes":""},"categories":[31],"tags":[],"class_list":["post-941","post","type-post","status-publish","format-standard","hentry","category-vieclub"],"_links":{"self":[{"href":"https:\/\/www.rapacesdazur.fr\/index.php?rest_route=\/wp\/v2\/posts\/941","targetHints":{"allow":["GET"]}}],"collection":[{"href":"https:\/\/www.rapacesdazur.fr\/index.php?rest_route=\/wp\/v2\/posts"}],"about":[{"href":"https:\/\/www.rapacesdazur.fr\/index.php?rest_route=\/wp\/v2\/types\/post"}],"replies":[{"embeddable":true,"href":"https:\/\/www.rapacesdazur.fr\/index.php?rest_route=%2Fwp%2Fv2%2Fcomments&post=941"}],"version-history":[{"count":0,"href":"https:\/\/www.rapacesdazur.fr\/index.php?rest_route=\/wp\/v2\/posts\/941\/revisions"}],"wp:attachment":[{"href":"https:\/\/www.rapacesdazur.fr\/index.php?rest_route=%2Fwp%2Fv2%2Fmedia&parent=941"}],"wp:term":[{"taxonomy":"category","embeddable":true,"href":"https:\/\/www.rapacesdazur.fr\/index.php?rest_route=%2Fwp%2Fv2%2Fcategories&post=941"},{"taxonomy":"post_tag","embeddable":true,"href":"https:\/\/www.rapacesdazur.fr\/index.php?rest_route=%2Fwp%2Fv2%2Ftags&post=941"}],"curies":[{"name":"wp","href":"https:\/\/api.w.org\/{rel}","templated":true}]}}