{"id":942,"date":"2015-03-07T12:28:58","date_gmt":"2015-03-07T12:28:58","guid":{"rendered":"https:\/\/www.rapacesdazur.fr\/2015\/01\/assemblee-generale-du-club-a114940898"},"modified":"2015-03-07T12:28:58","modified_gmt":"2015-03-07T12:28:58","slug":"2015-01-assemblee-generale-du-club-a114940898","status":"publish","type":"post","link":"https:\/\/www.rapacesdazur.fr\/?p=942","title":{"rendered":"Assembl\u00e9e g\u00e9n\u00e9rale du CLUB"},"content":{"rendered":"<div class=\"ob-sections\">\n<div\n    class=\"ob-section ob-section-html \"\n      ><\/p>\n<div class=\"ob-section ob-section-html\">\n<p> <span style=\"font-size: 14pt;\">Samedi 17 janvier \u00e0 La Cadi\u00e8re se tenait l&rsquo;assembl\u00e9e g\u00e9n\u00e9rale du club des Rapaces d&rsquo;Azur de la Cadi\u00e8re.<\/span> <\/p>\n<p> <span style=\"font-size: 14pt;\">Nombreux avaient fait le d\u00e9placement bien que la temp\u00e9rature incitait les gens \u00e0 rester au chaud.<\/span> <\/p>\n<p> <span style=\"font-size: 14pt;\"><a href=\"https:\/\/www.rapacesdazur.fr\/eki\/KDO7BQEzbIIzTgJ3dq4NzE5Sngo.jpg\" class=\"nopopup\"><img loading=\"lazy\" decoding=\"async\" src=\"https:\/\/www.rapacesdazur.fr\/eki\/16GJ-51iYCVf9j7i-K2dhCuaF9Y.jpg\" style=\"margin:3px auto; display:block; clear:both;\" alt=\"assem01.jpg\" height=\"243\" width=\"500\"><\/img><\/a>Nous \u00e9coutions dans un silence religieux, Marc Benoit faire le bilan de l&rsquo;ann\u00e9e 2014, puis nous pr\u00e9senter les actions pr\u00e9vues pour 2015.<\/span> <\/p>\n<p> <span style=\"font-size: 14pt;\"><a href=\"https:\/\/www.rapacesdazur.fr\/eki\/egbb8mWL5iRBw9kQWkxnZlt54MI.jpg\" class=\"nopopup\"><img loading=\"lazy\" decoding=\"async\" src=\"https:\/\/www.rapacesdazur.fr\/eki\/j5617UZS9a6D2Xbt2XOz6srVYN0.jpg\" style=\"float:left; margin:3px;\" alt=\"marc.jpg\" height=\"300\" width=\"221\"><\/img><\/a><br \/><\/span> <\/p>\n<p> <span style=\"font-size: 14pt;\">La future balise Piou-piou faisait l&rsquo;unanimit\u00e9 et d\u00e9clanchait un tonnerre d&rsquo;applaudissements. L&rsquo;abandon de la mise, sous terre de la ligne \u00e9l\u00e9ctrique situ\u00e9e avant l&rsquo;atterro, malgr\u00e9 les nombreux soutiens des pilotes des autres clubs qui avaient particip\u00e9 en s&rsquo;inscrivant au club en 2014. Nous les remercions encore aujourd&rsquo;hui pour leur geste.<\/span> <\/p>\n<p> <span style=\"font-size: 14pt;\"><br \/><\/span> <\/p>\n<p> <span style=\"font-size: 14pt;\">Nous essaierons de trouver une autre solution.<\/span> <\/p>\n<p> <span style=\"font-size: 14pt;\"><a href=\"https:\/\/www.rapacesdazur.fr\/eki\/hvYNHd2Bznu9Ix_SYuZcxB8zPJ8.jpg\" class=\"nopopup\"><img loading=\"lazy\" decoding=\"async\" src=\"https:\/\/www.rapacesdazur.fr\/eki\/9k6_lEL9giYcV5BlkQfV14eyv6k.jpg\" style=\"margin:3px auto; display:block; clear:both;\" alt=\"passation-du-pouvoir.jpg\" height=\"263\" width=\"500\"><\/img><\/a>Le vote suivant concernait la passation du \u00ab\u00a0pouvoir\u00a0\u00bb entre le pr\u00e9sident sortant Philippe qui est remplac\u00e9 par Guillaume nouveau \u00ab\u00a0Pr\u00e9z\u00a0\u00bb du cube. Nous remercions ici, le travail accompli depuis 1991 ,date de cr\u00e9ation du club des Rapaces. Guillaume en profitait pour arroser sa nomination accompagn\u00e9 par ses groopies.<\/span> <\/p>\n<p> <span style=\"font-size: 14pt;\"><a href=\"https:\/\/www.rapacesdazur.fr\/eki\/Xo7YF7Ie8jZch4jIoe7sWbC-1Ks.jpg\" class=\"nopopup\"><img loading=\"lazy\" decoding=\"async\" src=\"https:\/\/www.rapacesdazur.fr\/eki\/EkTbtb-qCBJQ6N7zZm73__32s9k.jpg\" style=\"margin:3px auto; display:block; clear:both;\" alt=\"les-groopies.jpg\" height=\"494\" width=\"500\"><\/img><\/a>Quelques vid\u00e9os ponctuaient cette r\u00e9union sympathique.<\/span> <\/p>\n<p> <span style=\"font-size: 14pt;\">Le futur est en marche, sous une nouvelle impulsion.<\/span> <\/p>\n<p> <span style=\"font-size: 14pt;\"><a href=\"https:\/\/www.rapacesdazur.fr\/eki\/DlT0F1Yi57JHK8XijVoAmw-l8Pc.jpg\" class=\"nopopup\"><img loading=\"lazy\" decoding=\"async\" src=\"https:\/\/www.rapacesdazur.fr\/eki\/7VvBqOMHI1uYm0bzp4g-F436L34.jpg\" style=\"margin:3px auto; display:block; clear:both;\" alt=\"nouvel-elan.jpg\" height=\"384\" width=\"600\"><\/img><\/a><br \/><\/span> <\/p>\n<\/div><\/div>\n<\/p><\/div>\n","protected":false},"excerpt":{"rendered":"<p>Samedi 17 janvier \u00e0 La Cadi\u00e8re se tenait l&rsquo;assembl\u00e9e g\u00e9n\u00e9rale du club des Rapaces d&rsquo;Azur de la Cadi\u00e8re.&hellip;<\/p>\n","protected":false},"author":0,"featured_media":0,"comment_status":"open","ping_status":"open","sticky":false,"template":"","format":"standard","meta":{"footnotes":""},"categories":[31],"tags":[],"class_list":["post-942","post","type-post","status-publish","format-standard","hentry","category-vieclub"],"_links":{"self":[{"href":"https:\/\/www.rapacesdazur.fr\/index.php?rest_route=\/wp\/v2\/posts\/942","targetHints":{"allow":["GET"]}}],"collection":[{"href":"https:\/\/www.rapacesdazur.fr\/index.php?rest_route=\/wp\/v2\/posts"}],"about":[{"href":"https:\/\/www.rapacesdazur.fr\/index.php?rest_route=\/wp\/v2\/types\/post"}],"replies":[{"embeddable":true,"href":"https:\/\/www.rapacesdazur.fr\/index.php?rest_route=%2Fwp%2Fv2%2Fcomments&post=942"}],"version-history":[{"count":0,"href":"https:\/\/www.rapacesdazur.fr\/index.php?rest_route=\/wp\/v2\/posts\/942\/revisions"}],"wp:attachment":[{"href":"https:\/\/www.rapacesdazur.fr\/index.php?rest_route=%2Fwp%2Fv2%2Fmedia&parent=942"}],"wp:term":[{"taxonomy":"category","embeddable":true,"href":"https:\/\/www.rapacesdazur.fr\/index.php?rest_route=%2Fwp%2Fv2%2Fcategories&post=942"},{"taxonomy":"post_tag","embeddable":true,"href":"https:\/\/www.rapacesdazur.fr\/index.php?rest_route=%2Fwp%2Fv2%2Ftags&post=942"}],"curies":[{"name":"wp","href":"https:\/\/api.w.org\/{rel}","templated":true}]}}