{"id":943,"date":"2015-03-07T12:28:32","date_gmt":"2015-03-07T12:28:32","guid":{"rendered":"https:\/\/www.rapacesdazur.fr\/2015\/01\/des-grues-plein-le-ciel-a114940784"},"modified":"2015-03-07T12:28:32","modified_gmt":"2015-03-07T12:28:32","slug":"2015-01-des-grues-plein-le-ciel-a114940784","status":"publish","type":"post","link":"https:\/\/www.rapacesdazur.fr\/?p=943","title":{"rendered":"Des Grues plein le ciel"},"content":{"rendered":"<div class=\"ob-sections\">\n<div\n    class=\"ob-section ob-section-html \"\n      ><\/p>\n<div class=\"ob-section ob-section-html\">\n<p> <span style=\"font-size: 14pt;\">Depuis ce matin dans le ciel de la Cadi\u00e8re un ballet de grues cendr\u00e9es, qui migrent vers le Sud. Probablement vers le d\u00e9troit du bosphore pour traverser vers la Turquie puis gagner l&rsquo;Egypte.<\/span> <\/p>\n<p> <span style=\"font-size: 14pt;\"><a href=\"https:\/\/www.rapacesdazur.fr\/eki\/iiWCAo_ygCVop68gVquc4ockt_k.jpg\" class=\"nopopup\"><img loading=\"lazy\" decoding=\"async\" src=\"https:\/\/www.rapacesdazur.fr\/eki\/JVtYEaZJr87xuDlqx1i5P_tOBGc.jpg\" style=\"margin:3px auto; display:block; clear:both;\" alt=\"grues01.jpg\" height=\"263\" width=\"600\"><\/img><\/a>Je suis au courant gr\u00e2ce au pr\u00e9z qui me SMS vers 13h, et je fonce en voiture pour tenter de les approcher. Elles posent vers l&rsquo;atterro des moutons afin de se reposer dans l&rsquo;herbe.<\/span> <\/p>\n<p> <span style=\"font-size: 14pt;\"><a href=\"https:\/\/www.rapacesdazur.fr\/eki\/X-fK003WOXboNCvAVcaUMvLkuqA.jpg\" class=\"nopopup\"><img loading=\"lazy\" decoding=\"async\" src=\"https:\/\/www.rapacesdazur.fr\/eki\/1elieRY8ZyUGo83P8jWC2d_ogew.jpg\" style=\"margin:3px auto; display:block; clear:both;\" alt=\"grues03.jpg\" height=\"309\" width=\"600\"><\/img><\/a>Comme je n&rsquo;ai pas un bon zoom sur mon t\u00e9l, c&rsquo;est pas tr\u00e9s net, mais on voit bien les grues au sol au fond dans l&rsquo;herbe.<\/span> <\/p>\n<p> <span style=\"font-size: 14pt;\">Le ballet, village Cadi\u00e8re\/village du Castellet puis retour vers st Cyr et face au vent la Ciotat va durer jusqu&rsquo;\u00e0 17h30<\/span> <\/p>\n<p> <span style=\"font-size: 14pt;\">J&rsquo;appelle Michel of pour lui dire de sortir les jumelles afin qu&rsquo;il les voit arriver.<\/span> <\/p>\n<p> <span style=\"font-size: 14pt;\">Un petit film avec le cris des grues<\/span> <\/p>\n<p style=\"text-align: center;\"> <span style=\"font-size: 14pt;\">&nbsp;<\/span> <\/p>\n<div> <iframe loading=\"lazy\" src=\"\/\/player.vimeo.com\/video\/115914373\" frameborder=\"0\" height=\"281\" width=\"500\"><\/iframe> <\/p>\n<p> <a href=\"http:\/\/vimeo.com\/115914373\">Ballet de grues a la Cadi\u00e8re<\/a> from <a href=\"http:\/\/vimeo.com\/user2311503\">PI&rsquo;AIR<\/a> on <a href=\"https:\/\/vimeo.com\">Vimeo<\/a>. <\/p>\n<\/p><\/div>\n<p> &nbsp; <\/p>\n<\/div><\/div>\n<\/p><\/div>\n","protected":false},"excerpt":{"rendered":"<p>Depuis ce matin dans le ciel de la Cadi\u00e8re un ballet de grues cendr\u00e9es, qui migrent vers le&hellip;<\/p>\n","protected":false},"author":0,"featured_media":0,"comment_status":"open","ping_status":"open","sticky":false,"template":"","format":"standard","meta":{"footnotes":""},"categories":[31],"tags":[],"class_list":["post-943","post","type-post","status-publish","format-standard","hentry","category-vieclub"],"_links":{"self":[{"href":"https:\/\/www.rapacesdazur.fr\/index.php?rest_route=\/wp\/v2\/posts\/943","targetHints":{"allow":["GET"]}}],"collection":[{"href":"https:\/\/www.rapacesdazur.fr\/index.php?rest_route=\/wp\/v2\/posts"}],"about":[{"href":"https:\/\/www.rapacesdazur.fr\/index.php?rest_route=\/wp\/v2\/types\/post"}],"replies":[{"embeddable":true,"href":"https:\/\/www.rapacesdazur.fr\/index.php?rest_route=%2Fwp%2Fv2%2Fcomments&post=943"}],"version-history":[{"count":0,"href":"https:\/\/www.rapacesdazur.fr\/index.php?rest_route=\/wp\/v2\/posts\/943\/revisions"}],"wp:attachment":[{"href":"https:\/\/www.rapacesdazur.fr\/index.php?rest_route=%2Fwp%2Fv2%2Fmedia&parent=943"}],"wp:term":[{"taxonomy":"category","embeddable":true,"href":"https:\/\/www.rapacesdazur.fr\/index.php?rest_route=%2Fwp%2Fv2%2Fcategories&post=943"},{"taxonomy":"post_tag","embeddable":true,"href":"https:\/\/www.rapacesdazur.fr\/index.php?rest_route=%2Fwp%2Fv2%2Ftags&post=943"}],"curies":[{"name":"wp","href":"https:\/\/api.w.org\/{rel}","templated":true}]}}