{"id":946,"date":"2015-03-07T12:29:08","date_gmt":"2015-03-07T12:29:08","guid":{"rendered":"https:\/\/www.rapacesdazur.fr\/2015\/01\/jeudi-22-janvier-2015-a114940950"},"modified":"2015-03-07T12:29:08","modified_gmt":"2015-03-07T12:29:08","slug":"2015-01-jeudi-22-janvier-2015-a114940950","status":"publish","type":"post","link":"https:\/\/www.rapacesdazur.fr\/?p=946","title":{"rendered":"Jeudi 22 janvier 2015"},"content":{"rendered":"<div class=\"ob-sections\">\n<div\n    class=\"ob-section ob-section-html \"\n      ><\/p>\n<div class=\"ob-section ob-section-html\">\n<p> <span style=\"font-size: 14pt;\">Avec les 10 de Nord-Ouest annonc\u00e9s on ne s&rsquo;attendait pas \u00e0 un super coup cet apr\u00e8s-midi au cube.<\/span> <\/p>\n<p> <span style=\"font-size: 14pt;\"><a href=\"https:\/\/www.rapacesdazur.fr\/eki\/TbYGAL5q3_JzyN1nK7pnKlztUVg.jpg\" class=\"nopopup\"><img loading=\"lazy\" decoding=\"async\" src=\"https:\/\/www.rapacesdazur.fr\/eki\/XWOeN1WJ6BjvmheUI8sSAn7owF4.jpg\" style=\"margin:3px auto; display:block; clear:both;\" alt=\"jedi01.png\" height=\"394\" width=\"600\"><\/img><\/a>Mais bon on ne va pas chipoter, y-avait du soleil et du vent de face, plus sympa que le temps depuis 3 jours.<\/span> <\/p>\n<p> <span style=\"font-size: 14pt;\"><a href=\"https:\/\/www.rapacesdazur.fr\/eki\/ZQP6vZo9c9qJm219OCPeBa8-G_8.jpg\" class=\"nopopup\"><img loading=\"lazy\" decoding=\"async\" src=\"https:\/\/www.rapacesdazur.fr\/eki\/I6KwvHIYYdJvpTuxXBUG3Oa7Mbw.jpg\" style=\"margin:3px auto; display:block; clear:both;\" alt=\"jedi02.png\" height=\"484\" width=\"600\"><\/img><\/a>Seul Michel of croyait \u00e0 une rentr\u00e9e de vent pour 16h&#8230;maison, caf\u00e9,douche&#8230;on verra demain, probablement une belle journ\u00e9e de Cubisme&#8230;.all the day !<\/span> <\/p>\n<p> <span style=\"font-size: 14pt;\">D\u00e9s 10h &#8230;..147.300&#8230;on s&rsquo;appelle.<br \/><\/span> <\/p>\n<\/div><\/div>\n<\/p><\/div>\n","protected":false},"excerpt":{"rendered":"<p>Avec les 10 de Nord-Ouest annonc\u00e9s on ne s&rsquo;attendait pas \u00e0 un super coup cet apr\u00e8s-midi au cube.&hellip;<\/p>\n","protected":false},"author":0,"featured_media":0,"comment_status":"open","ping_status":"open","sticky":false,"template":"","format":"standard","meta":{"footnotes":""},"categories":[31],"tags":[],"class_list":["post-946","post","type-post","status-publish","format-standard","hentry","category-vieclub"],"_links":{"self":[{"href":"https:\/\/www.rapacesdazur.fr\/index.php?rest_route=\/wp\/v2\/posts\/946","targetHints":{"allow":["GET"]}}],"collection":[{"href":"https:\/\/www.rapacesdazur.fr\/index.php?rest_route=\/wp\/v2\/posts"}],"about":[{"href":"https:\/\/www.rapacesdazur.fr\/index.php?rest_route=\/wp\/v2\/types\/post"}],"replies":[{"embeddable":true,"href":"https:\/\/www.rapacesdazur.fr\/index.php?rest_route=%2Fwp%2Fv2%2Fcomments&post=946"}],"version-history":[{"count":0,"href":"https:\/\/www.rapacesdazur.fr\/index.php?rest_route=\/wp\/v2\/posts\/946\/revisions"}],"wp:attachment":[{"href":"https:\/\/www.rapacesdazur.fr\/index.php?rest_route=%2Fwp%2Fv2%2Fmedia&parent=946"}],"wp:term":[{"taxonomy":"category","embeddable":true,"href":"https:\/\/www.rapacesdazur.fr\/index.php?rest_route=%2Fwp%2Fv2%2Fcategories&post=946"},{"taxonomy":"post_tag","embeddable":true,"href":"https:\/\/www.rapacesdazur.fr\/index.php?rest_route=%2Fwp%2Fv2%2Ftags&post=946"}],"curies":[{"name":"wp","href":"https:\/\/api.w.org\/{rel}","templated":true}]}}