{"id":947,"date":"2015-03-07T12:29:09","date_gmt":"2015-03-07T12:29:09","guid":{"rendered":"https:\/\/www.rapacesdazur.fr\/2015\/01\/jeudi-in-extemis-a114940954"},"modified":"2015-03-07T12:29:09","modified_gmt":"2015-03-07T12:29:09","slug":"2015-01-jeudi-in-extemis-a114940954","status":"publish","type":"post","link":"https:\/\/www.rapacesdazur.fr\/?p=947","title":{"rendered":"Jeudi in extemis"},"content":{"rendered":"<div class=\"ob-sections\">\n<div\n    class=\"ob-section ob-section-html \"\n      ><\/p>\n<div class=\"ob-section ob-section-html\">\n<p> <span style=\"font-size: 14pt;\">Ce matin on se retouve au d\u00e9co avec Yannick et le Glaude \u00e0 midi pour sauver la journ\u00e9e, avant que le vent ne forcisse&#8230;et il y a p\u00e9tole de Sud quand on arrive.<\/span> <\/p>\n<p> <span style=\"font-size: 14pt;\">Yannick \u00e9tale et se met en l&rsquo;air le 1er, je lui embo\u00eete le pas rapidement.<\/span> <\/p>\n<p> <span style=\"font-size: 14pt;\"><a href=\"https:\/\/www.rapacesdazur.fr\/eki\/O0WPZ5CQNEL3An_n7Pj7usYCNgU.jpg\" class=\"nopopup\"><img loading=\"lazy\" decoding=\"async\" src=\"https:\/\/www.rapacesdazur.fr\/eki\/bOA1mlnrpv_d6EF2x-4bt8M0Rd4.jpg\" style=\"margin:3px auto; display:block; clear:both;\" alt=\"jeudi01.jpg\" height=\"281\" width=\"500\"><\/img><\/a>Il n&rsquo;y a rien de trop et au bout de 15mn, je pose , craignant d&rsquo;aller en bas.<\/span> <\/p>\n<p> <span style=\"font-size: 14pt;\"><a href=\"https:\/\/www.rapacesdazur.fr\/eki\/GHzOBBj-tvsUOphwXtyf3b2QT_w.jpg\" class=\"nopopup\"><img loading=\"lazy\" decoding=\"async\" src=\"https:\/\/www.rapacesdazur.fr\/eki\/3h3VFcqkXA9i9BMbR3eZh6FLqYI.jpg\" style=\"margin:3px auto; display:block; clear:both;\" alt=\"jeudi02.jpg\" height=\"281\" width=\"500\"><\/img><\/a>Mais je red\u00e9colle dans la foul\u00e9e car devant, Yannick monte suivi par the Glaude.<\/span> <\/p>\n<p> <span style=\"font-size: 14pt;\">Le vent passe nord-ouest et \u00e7a monte partout. Vers 13h je suis oblig\u00e9 de descendre aux oreilles pour aller bosser (VDM)<\/span> <\/p>\n<p> <span style=\"font-size: 14pt;\"><a href=\"https:\/\/www.rapacesdazur.fr\/eki\/qH7OR2WuU-pTyuXCEqI9RCGxJlE.jpg\" class=\"nopopup\"><img loading=\"lazy\" decoding=\"async\" src=\"https:\/\/www.rapacesdazur.fr\/eki\/EgHssizHgOhY-rO2_K3zJtjctuM.jpg\" style=\"margin:3px auto; display:block; clear:both;\" alt=\"jeudi03.jpg\" height=\"500\" width=\"281\"><\/img><\/a>D\u00e9s que je rel\u00e2che les 3.6, je remonte presque d&rsquo;autant !<\/span> <\/p>\n<p> <span style=\"font-size: 14pt;\"><a href=\"https:\/\/www.rapacesdazur.fr\/eki\/aMXu8HmhsBaqunPFgzFiTt3FIk0.jpg\" class=\"nopopup\"><img loading=\"lazy\" decoding=\"async\" src=\"https:\/\/www.rapacesdazur.fr\/eki\/TGGQtLkCU47zJZEGc5JKtRGkNEY.jpg\" style=\"margin:3px auto; display:block; clear:both;\" alt=\"vlcsnap-2015-01-08-22h52m34s55.png\" height=\"281\" width=\"500\"><\/img><\/a>Yanncik grimpe \u00e0 500 et file vers st Cyr, pour tenter la face Ouest de la G\u00e2che, mais \u00e0 l&rsquo;entr\u00e9e de st Cyr c&rsquo;est sud-ouest, il revient vers la cr\u00eate de la Deidi\u00e8re et \u00e0 30m reste 30mn avant de pouvoir prendre un p\u00e9tard qui le remonte \u00e0 500.<\/span> <\/p>\n<p> <span style=\"font-size: 14pt;\"><a href=\"https:\/\/www.rapacesdazur.fr\/eki\/OCZVcSm8DM5lvKRHJplMFoS3OQo.jpg\" class=\"nopopup\"><img loading=\"lazy\" decoding=\"async\" src=\"https:\/\/www.rapacesdazur.fr\/eki\/NFX-C2GJBGQn5DHMEYTLrn3XKj8.jpg\" style=\"margin:3px auto; display:block; clear:both;\" alt=\"jeudi05.jpg\" height=\"281\" width=\"500\"><\/img><\/a>Pendant ce temps j&rsquo;arrive \u00e0 poser et plie tandis que Michel of&nbsp; se pr\u00e9cipite en l&rsquo;air (c\u00f4t\u00e9 Nord) avec deux autres pilotes arriv\u00e9s entre temps.<\/span> <\/p>\n<p> <span style=\"font-size: 14pt;\">Yannick revient de st Cyr encore haut au dessus du stade et pose vers 14h30\/45, le vent pousse, journ\u00e9e termin\u00e9e.<br \/><\/span> <\/p>\n<\/div><\/div>\n<\/p><\/div>\n","protected":false},"excerpt":{"rendered":"<p>Ce matin on se retouve au d\u00e9co avec Yannick et le Glaude \u00e0 midi pour sauver la journ\u00e9e,&hellip;<\/p>\n","protected":false},"author":0,"featured_media":0,"comment_status":"open","ping_status":"open","sticky":false,"template":"","format":"standard","meta":{"footnotes":""},"categories":[31],"tags":[],"class_list":["post-947","post","type-post","status-publish","format-standard","hentry","category-vieclub"],"_links":{"self":[{"href":"https:\/\/www.rapacesdazur.fr\/index.php?rest_route=\/wp\/v2\/posts\/947","targetHints":{"allow":["GET"]}}],"collection":[{"href":"https:\/\/www.rapacesdazur.fr\/index.php?rest_route=\/wp\/v2\/posts"}],"about":[{"href":"https:\/\/www.rapacesdazur.fr\/index.php?rest_route=\/wp\/v2\/types\/post"}],"replies":[{"embeddable":true,"href":"https:\/\/www.rapacesdazur.fr\/index.php?rest_route=%2Fwp%2Fv2%2Fcomments&post=947"}],"version-history":[{"count":0,"href":"https:\/\/www.rapacesdazur.fr\/index.php?rest_route=\/wp\/v2\/posts\/947\/revisions"}],"wp:attachment":[{"href":"https:\/\/www.rapacesdazur.fr\/index.php?rest_route=%2Fwp%2Fv2%2Fmedia&parent=947"}],"wp:term":[{"taxonomy":"category","embeddable":true,"href":"https:\/\/www.rapacesdazur.fr\/index.php?rest_route=%2Fwp%2Fv2%2Fcategories&post=947"},{"taxonomy":"post_tag","embeddable":true,"href":"https:\/\/www.rapacesdazur.fr\/index.php?rest_route=%2Fwp%2Fv2%2Ftags&post=947"}],"curies":[{"name":"wp","href":"https:\/\/api.w.org\/{rel}","templated":true}]}}