{"id":954,"date":"2015-03-07T12:28:59","date_gmt":"2015-03-07T12:28:59","guid":{"rendered":"https:\/\/www.rapacesdazur.fr\/2015\/01\/observations-de-rapaces-et-autres-grands-oiseaux-en-vol-a114940902"},"modified":"2015-03-07T12:28:59","modified_gmt":"2015-03-07T12:28:59","slug":"2015-01-observations-de-rapaces-et-autres-grands-oiseaux-en-vol-a114940902","status":"publish","type":"post","link":"https:\/\/www.rapacesdazur.fr\/?p=954","title":{"rendered":"Observations de rapaces et autres grands oiseaux en vol"},"content":{"rendered":"<div class=\"ob-sections\">\n<div\n    class=\"ob-section ob-section-html \"\n      ><\/p>\n<div class=\"ob-section ob-section-html\">\n<div style=\"left: 290.033px; top: 344.173px; font-size: 23.3px; font-family: sans-serif; transform: scale(0.83694, 1); transform-origin: 0% 0% 0px; text-align: center;\"> Enqu\u00eate aupr\u00e8s des pilotes de montagne <\/div>\n<div style=\"left: 290.033px; top: 344.173px; font-size: 23.3px; font-family: sans-serif; transform: scale(0.83694, 1); transform-origin: 0% 0% 0px; text-align: center;\"> parapentes, planeurs, a\u00e9ronefs motoris\u00e9s <\/div>\n<p> &nbsp; <\/p>\n<p> <span style=\"font-size: 14pt;\">Dans le cadre de la convention pass\u00e9e entre la FFVL et le Parc National des Ecrins, la FFVL invite les lib\u00e9ristes de tous les massifs \u00e0 l&rsquo;observation des rapaces en vol gr\u00e2ce aux fichiers attach\u00e9s, et \u00e0 un retour sur ces rencontres magiques.<\/span><br \/> <span style=\"font-size: 14pt;\">Vous pouvez t\u00e9l\u00e9charger la fiche \u00ab\u00a0observation\u00a0\u00bb et la retourner une fois renseign\u00e9e \u00e0 Jacky Bouvard <a href=\"mailto:j.bouvard@ffvl.fr\">j.bouvard@ffvl.fr<\/a><\/span> <\/p>\n<p> &nbsp; <a href=\"https:\/\/www.rapacesdazur.fr\/eki\/UDE-ksUx5_ynRgnde6l0_4_CQ_Q.jpg\" class=\"nopopup\"><img loading=\"lazy\" decoding=\"async\" src=\"https:\/\/www.rapacesdazur.fr\/eki\/lULk0qjgiLYGlL7xqNAf_Sg_4DI.jpg\" style=\"margin:3px auto; display:block; clear:both;\" alt=\"faucon_cr-0-9fc6d.jpg\" height=\"139\" width=\"300\"><\/img><\/a> <\/p>\n<p> <span style=\"font-size: 14pt;\">Une grande enqu\u00eate dans les ann\u00e9es 90 \u00e0 l&rsquo;initiative de Michel Mouze de l&rsquo;universit\u00e9 de Villeneuve d&rsquo;Asq concernait les contacts lib\u00e9ristes et Oiseaux de tous poils ou plumes . Des parties de cette enqu\u00eate furent publi\u00e9es dans Vol libre magazine, cross country et vol passion.J&rsquo;avais pu apporter ma contribution sur un contact \u00ab\u00a0long\u00a0\u00bb entre deltiste et go\u00e9lands et surtout sur l&rsquo;aide apport\u00e9e en vol par mes amis d&rsquo;un jour.<\/span> <\/p>\n<p> &nbsp; Qui est Michel Mouze ici: <a href=\"http:\/\/www.futura-sciences.com\/magazines\/nature\/infos\/personnalites\/d\/zoologie-michel-mouze-118\/\">link<\/a> <\/p>\n<p> <span style=\"font-size: 14pt;\">Les pratiquants de vol libre de loisir ou professionnels croisent r\u00e9guli\u00e8rement de grands rapaces au cours de leurs \u00e9volutions.Ils les admirent souvent, les redoutent parfois, les envient toujours. Mais qui sont vraiment ces grands oiseaux,si habiles dans le contr\u00f4le de leurs \u00e9volutions.<\/span> <\/p>\n<p> <span style=\"font-size: 14pt;\">Quel est leur plan de vol, quelle est leur humeur du moment, quelles sont leurs fragilit\u00e9s.<\/span> <\/p>\n<p> <span style=\"font-size: 14pt;\">Il est tr\u00e9s difficile de r\u00e9pondre de mani\u00e8re d\u00e9finitive \u00e0 ce type de question qui concerne le comportement animal.<\/span> <\/p>\n<p> <span style=\"font-size: 14pt;\">On sait par exemple que les aigles royaux \u00ab\u00a0festonnent\u00a0\u00bb ou foncent en piqu\u00e9 \u00e0 la vue d&rsquo;un intrus dans son territoire, ( un autre aigle, un planeur ou un lib\u00e9riste)<\/span> <\/p>\n<p> <span style=\"font-size: 14pt;\">On peut dire aujourd&rsquo;hui que ces \u00ab\u00a0festons\u00a0\u00bb ont la plupart du temps un caract\u00e8re territorial, agressif sans doute.<\/span> <\/p>\n<p> <span style=\"font-size: 14pt;\">En concertation avec le parc national des Ecrins et des repr\u00e9sentants de la FFVL (Jacky Bouvard, Marc Lassale, Daniel Oddou) il est convenu de lancer une vaste enqu\u00eate aupr\u00e8s des pilotes int\u00e9ress\u00e9s et volontaires, afin de recueillir leurs t\u00e9moignages sur les relations en vol entre pilotes et oiseaux.<\/span> <\/p>\n<p> <span style=\"text-decoration: underline;\"><span style=\"font-size: 14pt;\">Cette consultation, porterait sur les \u00e9l\u00e9ments factuels habituels suivants:<\/span><\/span> <\/p>\n<p> <a href=\"https:\/\/www.rapacesdazur.fr\/eki\/ofaG-pdi7f4pthpC3yRqixuFpLs.png\" class=\"nopopup\"><img loading=\"lazy\" decoding=\"async\" src=\"https:\/\/www.rapacesdazur.fr\/eki\/SjX_wy0TVchzqvBeSW-YwrLPID4.jpg\" style=\"margin:3px auto; display:block; clear:both;\" alt=\"fiche-observation.png\" height=\"184\" width=\"300\"><\/img><\/a> <\/p>\n<p style=\"left: 94.5px; top: 910.747px; font-size: 20px; font-family: sans-serif; transform: scale(0.797, 1); transform-origin: 0% 0% 0px;\"> <span style=\"font-size: 14pt;\">Nom et coordonn\u00e9es du t\u00e9moin (pilote ou passager)<\/span> <\/p>\n<p style=\"left: 94.5px; top: 933.847px; font-size: 20px; font-family: sans-serif; transform: scale(0.797857, 1); transform-origin: 0% 0% 0px;\"> <span style=\"font-size: 14pt;\">Date\/heure<\/span> <\/p>\n<p style=\"left: 94.5px; top: 956.947px; font-size: 20px; font-family: sans-serif; transform: scale(0.799592, 1); transform-origin: 0% 0% 0px;\"> <span style=\"font-size: 14pt;\">Lieu\/altitude (coordonn\u00e9es en X\/Y degr\u00e9s d\u00e9cimaux WGS84 par exemple)<\/span> <\/p>\n<p style=\"left: 191.233px; top: 980.047px; font-size: 20px; font-family: sans-serif; transform: scale(0.803662, 1); transform-origin: 0% 0% 0px;\"> <span style=\"font-size: 14pt;\">Esp\u00e8ce ou description de l&rsquo;oiseau<\/span> <\/p>\n<p style=\"left: 94.5px; top: 1003.15px; font-size: 20px; font-family: sans-serif; transform: scale(0.807585, 1); transform-origin: 0% 0% 0px;\"> <span style=\"font-size: 14pt;\">Photo dans l&rsquo;id\u00e9al car certains sont marqu\u00e9s pour \u00eatre individualis\u00e9<\/span> <\/p>\n<p style=\"left: 94.5px; top: 1049.35px; font-size: 20px; font-family: sans-serif; transform: scale(0.779794, 1); transform-origin: 0% 0% 0px;\"> <span style=\"font-size: 14pt;\">Nombre d&rsquo;individus (les vautours fauves volent souvent en groupe, les grues cendr\u00e9es par centaines<\/span> <\/p>\n<div style=\"left: 94.5px; top: 1072.45px; font-size: 20px; font-family: sans-serif; transform: scale(0.795155, 1); transform-origin: 0% 0% 0px;\"> <span style=\"font-size: 14pt;\">Comportement de l&rsquo;oiseau (piqu\u00e9, vol en tandem, plan\u00e9 indiff\u00e9rent, agression r\u00e9elle avec choc, etc.)<\/span> <\/div>\n<p> Cette fiche est \u00e0 t\u00e9l\u00e9charger sur le site de la F\u00e9d\u00e9 <\/p>\n<p> <a href=\"http:\/\/federation.ffvl.fr\/actus\/observation-des-rapaces-en-vol-fiche-compl-ter\">link<\/a> <\/p>\n<\/div><\/div>\n<\/p><\/div>\n","protected":false},"excerpt":{"rendered":"<p>Enqu\u00eate aupr\u00e8s des pilotes de montagne parapentes, planeurs, a\u00e9ronefs motoris\u00e9s &nbsp; Dans le cadre de la convention pass\u00e9e&hellip;<\/p>\n","protected":false},"author":0,"featured_media":0,"comment_status":"open","ping_status":"open","sticky":false,"template":"","format":"standard","meta":{"footnotes":""},"categories":[31],"tags":[],"class_list":["post-954","post","type-post","status-publish","format-standard","hentry","category-vieclub"],"_links":{"self":[{"href":"https:\/\/www.rapacesdazur.fr\/index.php?rest_route=\/wp\/v2\/posts\/954","targetHints":{"allow":["GET"]}}],"collection":[{"href":"https:\/\/www.rapacesdazur.fr\/index.php?rest_route=\/wp\/v2\/posts"}],"about":[{"href":"https:\/\/www.rapacesdazur.fr\/index.php?rest_route=\/wp\/v2\/types\/post"}],"replies":[{"embeddable":true,"href":"https:\/\/www.rapacesdazur.fr\/index.php?rest_route=%2Fwp%2Fv2%2Fcomments&post=954"}],"version-history":[{"count":0,"href":"https:\/\/www.rapacesdazur.fr\/index.php?rest_route=\/wp\/v2\/posts\/954\/revisions"}],"wp:attachment":[{"href":"https:\/\/www.rapacesdazur.fr\/index.php?rest_route=%2Fwp%2Fv2%2Fmedia&parent=954"}],"wp:term":[{"taxonomy":"category","embeddable":true,"href":"https:\/\/www.rapacesdazur.fr\/index.php?rest_route=%2Fwp%2Fv2%2Fcategories&post=954"},{"taxonomy":"post_tag","embeddable":true,"href":"https:\/\/www.rapacesdazur.fr\/index.php?rest_route=%2Fwp%2Fv2%2Ftags&post=954"}],"curies":[{"name":"wp","href":"https:\/\/api.w.org\/{rel}","templated":true}]}}